{"id":3263,"date":"2024-03-07T10:54:15","date_gmt":"2024-03-07T10:54:15","guid":{"rendered":"https:\/\/www.tekniagroup.com\/?p=3263"},"modified":"2024-03-07T11:51:12","modified_gmt":"2024-03-07T11:51:12","slug":"teknia-consolida-su-modelo-de-gobernanza","status":"publish","type":"post","link":"https:\/\/www.tekniagroup.com\/es\/teknia-consolida-su-modelo-de-gobernanza\/","title":{"rendered":"Teknia consolida su modelo de gobernanza"},"content":{"rendered":"<ul>\n<li><strong>Javier Lazpita continua como presidente del Grupo, pero dedicando sus funciones en exclusiva a dirigir el Consejo de Administraci\u00f3n<\/strong><\/li>\n<\/ul>\n<ul>\n<li><strong>El hasta ahora el director general, Javier Quesada de Luis, asumir\u00e1 todas las responsabilidades ejecutivas como consejero delegado<\/strong><\/li>\n<\/ul>\n<ul>\n<li><strong>Este cambio permitir\u00e1 a Teknia dar m\u00e1s relevancia a la gobernanza del Grupo y profesionalizar el Consejo de Administraci\u00f3n<\/strong><\/li>\n<\/ul>\n<p>&nbsp;<\/p>\n<p><strong>Elorrio, 7 de marzo de 2024.-<\/strong> Teknia, multinacional espa\u00f1ola especializada en la fabricaci\u00f3n de componentes met\u00e1licos y pl\u00e1sticos para la movilidad, da un paso m\u00e1s en la profesionalizaci\u00f3n de su Consejo de Administraci\u00f3n con el objetivo de reforzar su modelo de gobernanza. Su presidente, <strong>Javier Lazpita<\/strong>, deja a un lado sus funciones ejecutivas para centrarse en la presidencia del Consejo de Administraci\u00f3n de la Compa\u00f1\u00eda.<\/p>\n<p>Las responsabilidades ejecutivas que manten\u00eda Javier Lazpita se transfieren a <strong>Javier Quesada de Luis<\/strong>, hasta ahora director general del Grupo, que ha sido nombrado por el Consejo de Administraci\u00f3n como nuevo consejero delegado de Teknia. Entre estas funciones se incluye el \u00e1rea de M&amp;A (fusiones y adquisiciones, por sus siglas en ingl\u00e9s), <a href=\"https:\/\/cincodias.elpais.com\/companias\/2023-04-27\/teknia-busca-su-crecimiento-por-norteamerica-con-la-compra-de-empresas.html\">competencia de gran relevancia para el crecimiento del Grupo<\/a> y que se integrar\u00e1 en el departamento de Estrategia.<\/p>\n<p><strong>Javier Lazpita, presidente del Consejo de Administraci\u00f3n <\/strong><\/p>\n<p>De esta forma, Javier Lazpita continuar\u00e1 sus funciones como presidente del Consejo de Administraci\u00f3n, dirigiendo el m\u00e1ximo \u00f3rgano de gobierno del Grupo y encarg\u00e1ndose de definir y mejorar la gobernanza de Teknia. Adem\u00e1s del presidente y del propio Javier Quesada de Luis, como representante de la familia propietaria del 100% del accionariado de Teknia, la configuraci\u00f3n de consejeros se completa con Jos\u00e9 Jainaga, presidente de Sidenor, e \u00cd\u00f1igo Marco-Gardoqui, socio de Alantra Wealth Management, como consejeros independientes.<\/p>\n<p>Javier Lazpita ha estado vinculado a Teknia desde sus inicios. Es hijo del que fuera director general y socio de Industrias Elix, la empresa que compr\u00f3 Javier Quesada Suescun en 1992 y que fue el germen de lo que hoy en d\u00eda es Teknia. Desde ese momento, pas\u00f3 a ser una de las personas de confianza de la familia Quesada y ocup\u00f3 diferentes puestos en la compa\u00f1\u00eda, comenzando como m\u00e1ximo responsable de la divisi\u00f3n de Pl\u00e1stico.<\/p>\n<p>Por su parte, la carrera de Javier Quesada de Luis ha estado ligada desde el principio a Teknia. Desde 2007 trabaj\u00f3 en la expansi\u00f3n internacional de la empresa fundada por su padre, consiguiendo diferentes hitos como la apertura de oficinas comerciales en Alemania y Estados Unidos, claves para el grupo en la actualidad. Tras su experiencia fuera de Espa\u00f1a, fue director Comercial hasta que fue <a href=\"https:\/\/www.tekniagroup.com\/es\/teknia-nombra-director-general-a-javier-quesada-de-luis\/\">nombrado director general en marzo de 2022<\/a>.<\/p>\n<p>En una carta remitida al equipo directivo de Teknia, Javier Lazpita valor\u00f3: \u201cestoy convencido de que este cambio servir\u00e1 para seguir elevando el nivel de profesionalizaci\u00f3n en la gesti\u00f3n de Teknia y continuar en la senda del crecimiento, tanto en tama\u00f1o como en rentabilidad, con Javier Quesada de Luis al frente del equipo directivo y de todas las funciones ejecutivas, una vez ha demostrado su val\u00eda en los dos a\u00f1os que ha estado al frente de la direcci\u00f3n general del grupo\u201d.<\/p>\n","protected":false},"excerpt":{"rendered":"Javier Lazpita continua como presidente del Grupo, pero dedicando sus funciones en exclusiva a dirigir el Consejo de Administraci\u00f3n El hasta ahora el director general, Javier Quesada de Luis, asumir\u00e1 todas las responsabilidades ejecutivas como consejero delegado Este cambio permitir\u00e1 a Teknia dar m\u00e1s relevancia a la gobernanza del Grupo y profesionalizar el Consejo de&#8230;","protected":false},"author":7,"featured_media":3252,"comment_status":"closed","ping_status":"closed","sticky":false,"template":"","format":"standard","meta":{"_acf_changed":false,"om_disable_all_campaigns":false,"inline_featured_image":false,"footnotes":""},"categories":[22],"tags":[],"class_list":["post-3263","post","type-post","status-publish","format-standard","has-post-thumbnail","hentry","category-noticias"],"acf":[],"yoast_head":"<!-- This site is optimized with the Yoast SEO plugin v27.3 - https:\/\/yoast.com\/product\/yoast-seo-wordpress\/ -->\n<title>Teknia consolida su modelo de gobernanza - Teknia<\/title>\n<meta name=\"description\" content=\"Teknia da un paso m\u00e1s en la profesionalizaci\u00f3n de su Consejo de Administraci\u00f3n con el objetivo de reforzar su modelo de gobernanza.\" \/>\n<meta name=\"robots\" content=\"index, follow, max-snippet:-1, max-image-preview:large, max-video-preview:-1\" \/>\n<link rel=\"canonical\" href=\"https:\/\/www.tekniagroup.com\/es\/teknia-consolida-su-modelo-de-gobernanza\/\" \/>\n<meta property=\"og:locale\" content=\"es_ES\" \/>\n<meta property=\"og:type\" content=\"article\" \/>\n<meta property=\"og:title\" content=\"Teknia consolida su modelo de gobernanza - Teknia\" \/>\n<meta property=\"og:description\" content=\"Teknia da un paso m\u00e1s en la profesionalizaci\u00f3n de su Consejo de Administraci\u00f3n con el objetivo de reforzar su modelo de gobernanza.\" \/>\n<meta property=\"og:url\" content=\"https:\/\/www.tekniagroup.com\/es\/teknia-consolida-su-modelo-de-gobernanza\/\" \/>\n<meta property=\"og:site_name\" content=\"Teknia\" \/>\n<meta property=\"article:published_time\" content=\"2024-03-07T10:54:15+00:00\" \/>\n<meta property=\"article:modified_time\" content=\"2024-03-07T11:51:12+00:00\" \/>\n<meta property=\"og:image\" content=\"https:\/\/www.tekniagroup.com\/wp-content\/uploads\/2024\/03\/javier-quesada-y-javier-lazpita-scaled.jpg\" \/>\n\t<meta property=\"og:image:width\" content=\"2560\" \/>\n\t<meta property=\"og:image:height\" content=\"1706\" \/>\n\t<meta property=\"og:image:type\" content=\"image\/jpeg\" \/>\n<meta name=\"author\" content=\"Gonzalo Prieto\" \/>\n<meta name=\"twitter:card\" content=\"summary_large_image\" \/>\n<meta name=\"twitter:label1\" content=\"Escrito por\" \/>\n\t<meta name=\"twitter:data1\" content=\"Gonzalo Prieto\" \/>\n\t<meta name=\"twitter:label2\" content=\"Tiempo de lectura\" \/>\n\t<meta name=\"twitter:data2\" content=\"3 minutos\" \/>\n<script type=\"application\/ld+json\" class=\"yoast-schema-graph\">{\"@context\":\"https:\\\/\\\/schema.org\",\"@graph\":[{\"@type\":\"Article\",\"@id\":\"https:\\\/\\\/www.tekniagroup.com\\\/es\\\/teknia-consolida-su-modelo-de-gobernanza\\\/#article\",\"isPartOf\":{\"@id\":\"https:\\\/\\\/www.tekniagroup.com\\\/es\\\/teknia-consolida-su-modelo-de-gobernanza\\\/\"},\"author\":{\"name\":\"Gonzalo Prieto\",\"@id\":\"https:\\\/\\\/www.tekniagroup.com\\\/es\\\/#\\\/schema\\\/person\\\/cd5d2e18685b4391aa36a02df73e96f3\"},\"headline\":\"Teknia consolida su modelo de gobernanza\",\"datePublished\":\"2024-03-07T10:54:15+00:00\",\"dateModified\":\"2024-03-07T11:51:12+00:00\",\"mainEntityOfPage\":{\"@id\":\"https:\\\/\\\/www.tekniagroup.com\\\/es\\\/teknia-consolida-su-modelo-de-gobernanza\\\/\"},\"wordCount\":542,\"image\":{\"@id\":\"https:\\\/\\\/www.tekniagroup.com\\\/es\\\/teknia-consolida-su-modelo-de-gobernanza\\\/#primaryimage\"},\"thumbnailUrl\":\"https:\\\/\\\/www.tekniagroup.com\\\/wp-content\\\/uploads\\\/2024\\\/03\\\/javier-quesada-y-javier-lazpita-scaled.jpg\",\"articleSection\":[\"Noticias\"],\"inLanguage\":\"es\"},{\"@type\":\"WebPage\",\"@id\":\"https:\\\/\\\/www.tekniagroup.com\\\/es\\\/teknia-consolida-su-modelo-de-gobernanza\\\/\",\"url\":\"https:\\\/\\\/www.tekniagroup.com\\\/es\\\/teknia-consolida-su-modelo-de-gobernanza\\\/\",\"name\":\"Teknia consolida su modelo de gobernanza - Teknia\",\"isPartOf\":{\"@id\":\"https:\\\/\\\/www.tekniagroup.com\\\/es\\\/#website\"},\"primaryImageOfPage\":{\"@id\":\"https:\\\/\\\/www.tekniagroup.com\\\/es\\\/teknia-consolida-su-modelo-de-gobernanza\\\/#primaryimage\"},\"image\":{\"@id\":\"https:\\\/\\\/www.tekniagroup.com\\\/es\\\/teknia-consolida-su-modelo-de-gobernanza\\\/#primaryimage\"},\"thumbnailUrl\":\"https:\\\/\\\/www.tekniagroup.com\\\/wp-content\\\/uploads\\\/2024\\\/03\\\/javier-quesada-y-javier-lazpita-scaled.jpg\",\"datePublished\":\"2024-03-07T10:54:15+00:00\",\"dateModified\":\"2024-03-07T11:51:12+00:00\",\"author\":{\"@id\":\"https:\\\/\\\/www.tekniagroup.com\\\/es\\\/#\\\/schema\\\/person\\\/cd5d2e18685b4391aa36a02df73e96f3\"},\"description\":\"Teknia da un paso m\u00e1s en la profesionalizaci\u00f3n de su Consejo de Administraci\u00f3n con el objetivo de reforzar su modelo de gobernanza.\",\"breadcrumb\":{\"@id\":\"https:\\\/\\\/www.tekniagroup.com\\\/es\\\/teknia-consolida-su-modelo-de-gobernanza\\\/#breadcrumb\"},\"inLanguage\":\"es\",\"potentialAction\":[{\"@type\":\"ReadAction\",\"target\":[\"https:\\\/\\\/www.tekniagroup.com\\\/es\\\/teknia-consolida-su-modelo-de-gobernanza\\\/\"]}]},{\"@type\":\"ImageObject\",\"inLanguage\":\"es\",\"@id\":\"https:\\\/\\\/www.tekniagroup.com\\\/es\\\/teknia-consolida-su-modelo-de-gobernanza\\\/#primaryimage\",\"url\":\"https:\\\/\\\/www.tekniagroup.com\\\/wp-content\\\/uploads\\\/2024\\\/03\\\/javier-quesada-y-javier-lazpita-scaled.jpg\",\"contentUrl\":\"https:\\\/\\\/www.tekniagroup.com\\\/wp-content\\\/uploads\\\/2024\\\/03\\\/javier-quesada-y-javier-lazpita-scaled.jpg\",\"width\":2560,\"height\":1706},{\"@type\":\"BreadcrumbList\",\"@id\":\"https:\\\/\\\/www.tekniagroup.com\\\/es\\\/teknia-consolida-su-modelo-de-gobernanza\\\/#breadcrumb\",\"itemListElement\":[{\"@type\":\"ListItem\",\"position\":1,\"name\":\"Home\",\"item\":\"https:\\\/\\\/www.tekniagroup.com\\\/es\\\/\"},{\"@type\":\"ListItem\",\"position\":2,\"name\":\"Teknia consolida su modelo de gobernanza\"}]},{\"@type\":\"WebSite\",\"@id\":\"https:\\\/\\\/www.tekniagroup.com\\\/es\\\/#website\",\"url\":\"https:\\\/\\\/www.tekniagroup.com\\\/es\\\/\",\"name\":\"Teknia\",\"description\":\"Your manufacturing partner for mobility\",\"potentialAction\":[{\"@type\":\"SearchAction\",\"target\":{\"@type\":\"EntryPoint\",\"urlTemplate\":\"https:\\\/\\\/www.tekniagroup.com\\\/es\\\/?s={search_term_string}\"},\"query-input\":{\"@type\":\"PropertyValueSpecification\",\"valueRequired\":true,\"valueName\":\"search_term_string\"}}],\"inLanguage\":\"es\"},{\"@type\":\"Person\",\"@id\":\"https:\\\/\\\/www.tekniagroup.com\\\/es\\\/#\\\/schema\\\/person\\\/cd5d2e18685b4391aa36a02df73e96f3\",\"name\":\"Gonzalo Prieto\",\"image\":{\"@type\":\"ImageObject\",\"inLanguage\":\"es\",\"@id\":\"https:\\\/\\\/secure.gravatar.com\\\/avatar\\\/280f2abef1b334d848c14fc51ac0689b7dcd2a291062aeb350226b888980c4c5?s=96&d=mm&r=g\",\"url\":\"https:\\\/\\\/secure.gravatar.com\\\/avatar\\\/280f2abef1b334d848c14fc51ac0689b7dcd2a291062aeb350226b888980c4c5?s=96&d=mm&r=g\",\"contentUrl\":\"https:\\\/\\\/secure.gravatar.com\\\/avatar\\\/280f2abef1b334d848c14fc51ac0689b7dcd2a291062aeb350226b888980c4c5?s=96&d=mm&r=g\",\"caption\":\"Gonzalo Prieto\"},\"url\":\"https:\\\/\\\/www.tekniagroup.com\\\/es\\\/author\\\/gonzalo\\\/\"}]}<\/script>\n<!-- \/ Yoast SEO plugin. -->","yoast_head_json":{"title":"Teknia consolida su modelo de gobernanza - Teknia","description":"Teknia da un paso m\u00e1s en la profesionalizaci\u00f3n de su Consejo de Administraci\u00f3n con el objetivo de reforzar su modelo de gobernanza.","robots":{"index":"index","follow":"follow","max-snippet":"max-snippet:-1","max-image-preview":"max-image-preview:large","max-video-preview":"max-video-preview:-1"},"canonical":"https:\/\/www.tekniagroup.com\/es\/teknia-consolida-su-modelo-de-gobernanza\/","og_locale":"es_ES","og_type":"article","og_title":"Teknia consolida su modelo de gobernanza - Teknia","og_description":"Teknia da un paso m\u00e1s en la profesionalizaci\u00f3n de su Consejo de Administraci\u00f3n con el objetivo de reforzar su modelo de gobernanza.","og_url":"https:\/\/www.tekniagroup.com\/es\/teknia-consolida-su-modelo-de-gobernanza\/","og_site_name":"Teknia","article_published_time":"2024-03-07T10:54:15+00:00","article_modified_time":"2024-03-07T11:51:12+00:00","og_image":[{"width":2560,"height":1706,"url":"https:\/\/www.tekniagroup.com\/wp-content\/uploads\/2024\/03\/javier-quesada-y-javier-lazpita-scaled.jpg","type":"image\/jpeg"}],"author":"Gonzalo Prieto","twitter_card":"summary_large_image","twitter_misc":{"Escrito por":"Gonzalo Prieto","Tiempo de lectura":"3 minutos"},"schema":{"@context":"https:\/\/schema.org","@graph":[{"@type":"Article","@id":"https:\/\/www.tekniagroup.com\/es\/teknia-consolida-su-modelo-de-gobernanza\/#article","isPartOf":{"@id":"https:\/\/www.tekniagroup.com\/es\/teknia-consolida-su-modelo-de-gobernanza\/"},"author":{"name":"Gonzalo Prieto","@id":"https:\/\/www.tekniagroup.com\/es\/#\/schema\/person\/cd5d2e18685b4391aa36a02df73e96f3"},"headline":"Teknia consolida su modelo de gobernanza","datePublished":"2024-03-07T10:54:15+00:00","dateModified":"2024-03-07T11:51:12+00:00","mainEntityOfPage":{"@id":"https:\/\/www.tekniagroup.com\/es\/teknia-consolida-su-modelo-de-gobernanza\/"},"wordCount":542,"image":{"@id":"https:\/\/www.tekniagroup.com\/es\/teknia-consolida-su-modelo-de-gobernanza\/#primaryimage"},"thumbnailUrl":"https:\/\/www.tekniagroup.com\/wp-content\/uploads\/2024\/03\/javier-quesada-y-javier-lazpita-scaled.jpg","articleSection":["Noticias"],"inLanguage":"es"},{"@type":"WebPage","@id":"https:\/\/www.tekniagroup.com\/es\/teknia-consolida-su-modelo-de-gobernanza\/","url":"https:\/\/www.tekniagroup.com\/es\/teknia-consolida-su-modelo-de-gobernanza\/","name":"Teknia consolida su modelo de gobernanza - Teknia","isPartOf":{"@id":"https:\/\/www.tekniagroup.com\/es\/#website"},"primaryImageOfPage":{"@id":"https:\/\/www.tekniagroup.com\/es\/teknia-consolida-su-modelo-de-gobernanza\/#primaryimage"},"image":{"@id":"https:\/\/www.tekniagroup.com\/es\/teknia-consolida-su-modelo-de-gobernanza\/#primaryimage"},"thumbnailUrl":"https:\/\/www.tekniagroup.com\/wp-content\/uploads\/2024\/03\/javier-quesada-y-javier-lazpita-scaled.jpg","datePublished":"2024-03-07T10:54:15+00:00","dateModified":"2024-03-07T11:51:12+00:00","author":{"@id":"https:\/\/www.tekniagroup.com\/es\/#\/schema\/person\/cd5d2e18685b4391aa36a02df73e96f3"},"description":"Teknia da un paso m\u00e1s en la profesionalizaci\u00f3n de su Consejo de Administraci\u00f3n con el objetivo de reforzar su modelo de gobernanza.","breadcrumb":{"@id":"https:\/\/www.tekniagroup.com\/es\/teknia-consolida-su-modelo-de-gobernanza\/#breadcrumb"},"inLanguage":"es","potentialAction":[{"@type":"ReadAction","target":["https:\/\/www.tekniagroup.com\/es\/teknia-consolida-su-modelo-de-gobernanza\/"]}]},{"@type":"ImageObject","inLanguage":"es","@id":"https:\/\/www.tekniagroup.com\/es\/teknia-consolida-su-modelo-de-gobernanza\/#primaryimage","url":"https:\/\/www.tekniagroup.com\/wp-content\/uploads\/2024\/03\/javier-quesada-y-javier-lazpita-scaled.jpg","contentUrl":"https:\/\/www.tekniagroup.com\/wp-content\/uploads\/2024\/03\/javier-quesada-y-javier-lazpita-scaled.jpg","width":2560,"height":1706},{"@type":"BreadcrumbList","@id":"https:\/\/www.tekniagroup.com\/es\/teknia-consolida-su-modelo-de-gobernanza\/#breadcrumb","itemListElement":[{"@type":"ListItem","position":1,"name":"Home","item":"https:\/\/www.tekniagroup.com\/es\/"},{"@type":"ListItem","position":2,"name":"Teknia consolida su modelo de gobernanza"}]},{"@type":"WebSite","@id":"https:\/\/www.tekniagroup.com\/es\/#website","url":"https:\/\/www.tekniagroup.com\/es\/","name":"Teknia","description":"Your manufacturing partner for mobility","potentialAction":[{"@type":"SearchAction","target":{"@type":"EntryPoint","urlTemplate":"https:\/\/www.tekniagroup.com\/es\/?s={search_term_string}"},"query-input":{"@type":"PropertyValueSpecification","valueRequired":true,"valueName":"search_term_string"}}],"inLanguage":"es"},{"@type":"Person","@id":"https:\/\/www.tekniagroup.com\/es\/#\/schema\/person\/cd5d2e18685b4391aa36a02df73e96f3","name":"Gonzalo Prieto","image":{"@type":"ImageObject","inLanguage":"es","@id":"https:\/\/secure.gravatar.com\/avatar\/280f2abef1b334d848c14fc51ac0689b7dcd2a291062aeb350226b888980c4c5?s=96&d=mm&r=g","url":"https:\/\/secure.gravatar.com\/avatar\/280f2abef1b334d848c14fc51ac0689b7dcd2a291062aeb350226b888980c4c5?s=96&d=mm&r=g","contentUrl":"https:\/\/secure.gravatar.com\/avatar\/280f2abef1b334d848c14fc51ac0689b7dcd2a291062aeb350226b888980c4c5?s=96&d=mm&r=g","caption":"Gonzalo Prieto"},"url":"https:\/\/www.tekniagroup.com\/es\/author\/gonzalo\/"}]}},"_links":{"self":[{"href":"https:\/\/www.tekniagroup.com\/es\/wp-json\/wp\/v2\/posts\/3263","targetHints":{"allow":["GET"]}}],"collection":[{"href":"https:\/\/www.tekniagroup.com\/es\/wp-json\/wp\/v2\/posts"}],"about":[{"href":"https:\/\/www.tekniagroup.com\/es\/wp-json\/wp\/v2\/types\/post"}],"author":[{"embeddable":true,"href":"https:\/\/www.tekniagroup.com\/es\/wp-json\/wp\/v2\/users\/7"}],"replies":[{"embeddable":true,"href":"https:\/\/www.tekniagroup.com\/es\/wp-json\/wp\/v2\/comments?post=3263"}],"version-history":[{"count":1,"href":"https:\/\/www.tekniagroup.com\/es\/wp-json\/wp\/v2\/posts\/3263\/revisions"}],"predecessor-version":[{"id":3264,"href":"https:\/\/www.tekniagroup.com\/es\/wp-json\/wp\/v2\/posts\/3263\/revisions\/3264"}],"wp:featuredmedia":[{"embeddable":true,"href":"https:\/\/www.tekniagroup.com\/es\/wp-json\/wp\/v2\/media\/3252"}],"wp:attachment":[{"href":"https:\/\/www.tekniagroup.com\/es\/wp-json\/wp\/v2\/media?parent=3263"}],"wp:term":[{"taxonomy":"category","embeddable":true,"href":"https:\/\/www.tekniagroup.com\/es\/wp-json\/wp\/v2\/categories?post=3263"},{"taxonomy":"post_tag","embeddable":true,"href":"https:\/\/www.tekniagroup.com\/es\/wp-json\/wp\/v2\/tags?post=3263"}],"curies":[{"name":"wp","href":"https:\/\/api.w.org\/{rel}","templated":true}]}}