{"id":3187,"date":"2024-01-31T13:29:55","date_gmt":"2024-01-31T13:29:55","guid":{"rendered":"https:\/\/www.tekniagroup.com\/teknia-to-double-its-turnover-in-aragon-thanks-to-a-new-project\/"},"modified":"2024-02-01T15:52:26","modified_gmt":"2024-02-01T15:52:26","slug":"teknia-duplicara-su-facturacion-en-aragon","status":"publish","type":"post","link":"https:\/\/www.tekniagroup.com\/es\/teknia-duplicara-su-facturacion-en-aragon\/","title":{"rendered":"Teknia Pedrola duplicar\u00e1 su facturaci\u00f3n gracias a un nuevo proyecto"},"content":{"rendered":"<ul>\n<li><strong>Teknia Pedrola espera sumar una facturaci\u00f3n acumulada de m\u00e1s de 50 millones de euros a lo largo de la vida del proyecto y la plantilla alcanzar\u00e1 el centenar de empleados. El Grupo invertir\u00e1 cerca de 3 millones de euros en la planta aragonesa<\/strong><\/li>\n<\/ul>\n<ul>\n<li><strong>Una<\/strong> <strong>delegaci\u00f3n del Gobierno de Arag\u00f3n, encabezada por la vicepresidenta Mar Vaquero, ha visitado las instalaciones para conocer m\u00e1s sobre el nuevo negocio<\/strong><\/li>\n<\/ul>\n<ul>\n<li><strong>El nuevo proyecto consistir\u00e1 en la fabricaci\u00f3n de una pieza fundamental en los veh\u00edculos h\u00edbridos para uno de los grandes fabricantes mundiales<\/strong><\/li>\n<\/ul>\n<p>&nbsp;<\/p>\n<p><strong>Pedrola, 31 de enero de 2024<\/strong>.- Teknia, multinacional espa\u00f1ola especializada en la fabricaci\u00f3n de componentes met\u00e1licos y pl\u00e1sticos para la movilidad, anunci\u00f3 la captaci\u00f3n de un nuevo proyecto para la planta de Teknia Pedrola (Zaragoza) con el que duplicar\u00e1 la facturaci\u00f3n de la f\u00e1brica. Concretamente facturar\u00e1 50,3 millones de euros en todo su ciclo de producci\u00f3n, hasta 2031.<\/p>\n<p>De este modo la f\u00e1brica, que factur\u00f3 m\u00e1s de 9 millones en 2022, tiene previsto superar los 18 millones en 2026. Para lograrlo, el Grupo invertir\u00e1 este a\u00f1o 2,7 millones de euros, en la que supone la mayor inversi\u00f3n para un \u00fanico proyecto de la planta. El nuevo proyecto tiene como cliente final a uno de los principales proveedores del sector de automoci\u00f3n (Tier-1) a nivel global. Se trata de la primera gran inversi\u00f3n del sector de la automoci\u00f3n en Arag\u00f3n para 2024 y refuerza el compromiso de la compa\u00f1\u00eda con una regi\u00f3n que considera clave.<\/p>\n<p>Una delegaci\u00f3n del Gobierno de Arag\u00f3n, encabezados por Mar Vaquero,\u00a0vicepresidenta segunda del Gobierno de Arag\u00f3n, y\u00a0Javier Mart\u00ednez, director general de Pol\u00edtica Econ\u00f3mica, <a href=\"https:\/\/www.aragonhoy.es\/vicepresidencia-segunda-economia-empleo-industria\/mar-vaquero-aragon-ofrece-ecosistema-perfecto-empresas-crecer-crear-94661\">han visitado las instalaciones de Teknia Pedrola para conocer de primera mano el proyecto.<\/a> En este encuentro pudieron presentar los detalles de la inversi\u00f3n y los planes de futuro de Teknia en Arag\u00f3n, as\u00ed como emplazarse a explorar distintas v\u00edas de colaboraci\u00f3n entre la compa\u00f1\u00eda y el Gobierno de Arag\u00f3n para continuar potenciando la industria de automoci\u00f3n en la regi\u00f3n.<\/p>\n<p><strong>Una planta multitecnol\u00f3gica <\/strong><\/p>\n<p>Este proyecto consistir\u00e1 en la fabricaci\u00f3n de dos estructuras met\u00e1licas atornilladas entre s\u00ed para la estructura de propulsi\u00f3n de los veh\u00edculos h\u00edbridos de uno de los grandes fabricantes a nivel mundial. Este es un producto de alto valor a\u00f1adido que encaja a la perfecci\u00f3n con el portafolio de Teknia Pedrola, ya que engloba las tres tecnolog\u00edas de la planta: <a href=\"https:\/\/www.tekniagroup.com\/es\/tecnologias\/conformado-de-tubo\/\">conformado de tubo<\/a>, <a href=\"https:\/\/www.tekniagroup.com\/es\/tecnologias\/estampacion\/\">estampaci\u00f3n<\/a> y soldadura. Adem\u00e1s, se trata de una de las mayores inversiones de Teknia hasta la fecha.<\/p>\n<p>La planta de Teknia en Pedrola representa un emblema para el Grupo, siendo la primera instalaci\u00f3n construida desde cero. Adem\u00e1s, tras unos a\u00f1os de dificultades, Teknia sigui\u00f3 apostando por Pedrola e impuls\u00f3 un plan para mejorar la productividad de la planta.<\/p>\n<p><strong>Creaci\u00f3n de empleo y apuesta por Arag\u00f3n <\/strong><\/p>\n<p>Teknia prev\u00e9 aumentar su plantilla hasta alcanzar el centenar de empleados en Pedrola gracias a este nuevo negocio, con perfiles t\u00e9cnicos especializados. Asimismo, se apostar\u00e1 por avanzar en formaci\u00f3n interna, poniendo en valor el equipo de empleados, que cuenta con un alto porcentaje de talento femenino.<\/p>\n<p>Teknia reafirma de esta manera su compromiso con la innovaci\u00f3n, la sostenibilidad y el impulso econ\u00f3mico de Arag\u00f3n, posicion\u00e1ndose como un actor clave en el crecimiento y desarrollo del sector de componentes de automoci\u00f3n en la regi\u00f3n.<\/p>\n<p><strong>Javier Quesada de Luis<\/strong>, director general de Teknia, explic\u00f3: \u00abEsta inversi\u00f3n marca un nuevo cap\u00edtulo en nuestra historia en Pedrola y certifica nuestro compromiso con el futuro de la planta, con la innovaci\u00f3n y la consolidaci\u00f3n del equipo. Estamos muy contentos de seguir contribuyendo al desarrollo del sector en Espa\u00f1a y seguir apostando firmemente por el crecimiento de la industria en Arag\u00f3n\u201d.<\/p>\n","protected":false},"excerpt":{"rendered":"Teknia Pedrola espera sumar una facturaci\u00f3n acumulada de m\u00e1s de 50 millones de euros a lo largo de la vida del proyecto y la plantilla alcanzar\u00e1 el centenar de empleados. El Grupo invertir\u00e1 cerca de 3 millones de euros en la planta aragonesa Una delegaci\u00f3n del Gobierno de Arag\u00f3n, encabezada por la vicepresidenta Mar Vaquero,&#8230;","protected":false},"author":7,"featured_media":3166,"comment_status":"closed","ping_status":"closed","sticky":false,"template":"","format":"standard","meta":{"_acf_changed":false,"om_disable_all_campaigns":false,"inline_featured_image":false,"footnotes":""},"categories":[22],"tags":[],"class_list":["post-3187","post","type-post","status-publish","format-standard","has-post-thumbnail","hentry","category-noticias"],"acf":[],"yoast_head":"<!-- This site is optimized with the Yoast SEO plugin v27.3 - https:\/\/yoast.com\/product\/yoast-seo-wordpress\/ -->\n<title>Teknia Pedrola duplicar\u00e1 su facturaci\u00f3n gracias a un nuevo proyecto - Teknia<\/title>\n<meta name=\"description\" content=\"Teknia Pedrola anuncia un nuevo proyecto que duplicar\u00e1 su facturaci\u00f3n. Consiste en una pieza fundamental en los veh\u00edculos h\u00edbridos.\" \/>\n<meta name=\"robots\" content=\"index, follow, max-snippet:-1, max-image-preview:large, max-video-preview:-1\" \/>\n<link rel=\"canonical\" href=\"https:\/\/www.tekniagroup.com\/es\/teknia-duplicara-su-facturacion-en-aragon\/\" \/>\n<meta property=\"og:locale\" content=\"es_ES\" \/>\n<meta property=\"og:type\" content=\"article\" \/>\n<meta property=\"og:title\" content=\"Teknia Pedrola duplicar\u00e1 su facturaci\u00f3n gracias a un nuevo proyecto - Teknia\" \/>\n<meta property=\"og:description\" content=\"Teknia Pedrola anuncia un nuevo proyecto que duplicar\u00e1 su facturaci\u00f3n. Consiste en una pieza fundamental en los veh\u00edculos h\u00edbridos.\" \/>\n<meta property=\"og:url\" content=\"https:\/\/www.tekniagroup.com\/es\/teknia-duplicara-su-facturacion-en-aragon\/\" \/>\n<meta property=\"og:site_name\" content=\"Teknia\" \/>\n<meta property=\"article:published_time\" content=\"2024-01-31T13:29:55+00:00\" \/>\n<meta property=\"article:modified_time\" content=\"2024-02-01T15:52:26+00:00\" \/>\n<meta property=\"og:image\" content=\"https:\/\/www.tekniagroup.com\/wp-content\/uploads\/2024\/01\/teknia-pedrola_visita-gobierno-de-aragon-scaled.jpg\" \/>\n\t<meta property=\"og:image:width\" content=\"2560\" \/>\n\t<meta property=\"og:image:height\" content=\"1707\" \/>\n\t<meta property=\"og:image:type\" content=\"image\/jpeg\" \/>\n<meta name=\"author\" content=\"Gonzalo Prieto\" \/>\n<meta name=\"twitter:card\" content=\"summary_large_image\" \/>\n<meta name=\"twitter:label1\" content=\"Escrito por\" \/>\n\t<meta name=\"twitter:data1\" content=\"Gonzalo Prieto\" \/>\n\t<meta name=\"twitter:label2\" content=\"Tiempo de lectura\" \/>\n\t<meta name=\"twitter:data2\" content=\"3 minutos\" \/>\n<script type=\"application\/ld+json\" class=\"yoast-schema-graph\">{\"@context\":\"https:\\\/\\\/schema.org\",\"@graph\":[{\"@type\":\"Article\",\"@id\":\"https:\\\/\\\/www.tekniagroup.com\\\/es\\\/teknia-duplicara-su-facturacion-en-aragon\\\/#article\",\"isPartOf\":{\"@id\":\"https:\\\/\\\/www.tekniagroup.com\\\/es\\\/teknia-duplicara-su-facturacion-en-aragon\\\/\"},\"author\":{\"name\":\"Gonzalo Prieto\",\"@id\":\"https:\\\/\\\/www.tekniagroup.com\\\/es\\\/#\\\/schema\\\/person\\\/cd5d2e18685b4391aa36a02df73e96f3\"},\"headline\":\"Teknia Pedrola duplicar\u00e1 su facturaci\u00f3n gracias a un nuevo proyecto\",\"datePublished\":\"2024-01-31T13:29:55+00:00\",\"dateModified\":\"2024-02-01T15:52:26+00:00\",\"mainEntityOfPage\":{\"@id\":\"https:\\\/\\\/www.tekniagroup.com\\\/es\\\/teknia-duplicara-su-facturacion-en-aragon\\\/\"},\"wordCount\":672,\"image\":{\"@id\":\"https:\\\/\\\/www.tekniagroup.com\\\/es\\\/teknia-duplicara-su-facturacion-en-aragon\\\/#primaryimage\"},\"thumbnailUrl\":\"https:\\\/\\\/www.tekniagroup.com\\\/wp-content\\\/uploads\\\/2024\\\/01\\\/teknia-pedrola_visita-gobierno-de-aragon-scaled.jpg\",\"articleSection\":[\"Noticias\"],\"inLanguage\":\"es\"},{\"@type\":\"WebPage\",\"@id\":\"https:\\\/\\\/www.tekniagroup.com\\\/es\\\/teknia-duplicara-su-facturacion-en-aragon\\\/\",\"url\":\"https:\\\/\\\/www.tekniagroup.com\\\/es\\\/teknia-duplicara-su-facturacion-en-aragon\\\/\",\"name\":\"Teknia Pedrola duplicar\u00e1 su facturaci\u00f3n gracias a un nuevo proyecto - Teknia\",\"isPartOf\":{\"@id\":\"https:\\\/\\\/www.tekniagroup.com\\\/es\\\/#website\"},\"primaryImageOfPage\":{\"@id\":\"https:\\\/\\\/www.tekniagroup.com\\\/es\\\/teknia-duplicara-su-facturacion-en-aragon\\\/#primaryimage\"},\"image\":{\"@id\":\"https:\\\/\\\/www.tekniagroup.com\\\/es\\\/teknia-duplicara-su-facturacion-en-aragon\\\/#primaryimage\"},\"thumbnailUrl\":\"https:\\\/\\\/www.tekniagroup.com\\\/wp-content\\\/uploads\\\/2024\\\/01\\\/teknia-pedrola_visita-gobierno-de-aragon-scaled.jpg\",\"datePublished\":\"2024-01-31T13:29:55+00:00\",\"dateModified\":\"2024-02-01T15:52:26+00:00\",\"author\":{\"@id\":\"https:\\\/\\\/www.tekniagroup.com\\\/es\\\/#\\\/schema\\\/person\\\/cd5d2e18685b4391aa36a02df73e96f3\"},\"description\":\"Teknia Pedrola anuncia un nuevo proyecto que duplicar\u00e1 su facturaci\u00f3n. Consiste en una pieza fundamental en los veh\u00edculos h\u00edbridos.\",\"breadcrumb\":{\"@id\":\"https:\\\/\\\/www.tekniagroup.com\\\/es\\\/teknia-duplicara-su-facturacion-en-aragon\\\/#breadcrumb\"},\"inLanguage\":\"es\",\"potentialAction\":[{\"@type\":\"ReadAction\",\"target\":[\"https:\\\/\\\/www.tekniagroup.com\\\/es\\\/teknia-duplicara-su-facturacion-en-aragon\\\/\"]}]},{\"@type\":\"ImageObject\",\"inLanguage\":\"es\",\"@id\":\"https:\\\/\\\/www.tekniagroup.com\\\/es\\\/teknia-duplicara-su-facturacion-en-aragon\\\/#primaryimage\",\"url\":\"https:\\\/\\\/www.tekniagroup.com\\\/wp-content\\\/uploads\\\/2024\\\/01\\\/teknia-pedrola_visita-gobierno-de-aragon-scaled.jpg\",\"contentUrl\":\"https:\\\/\\\/www.tekniagroup.com\\\/wp-content\\\/uploads\\\/2024\\\/01\\\/teknia-pedrola_visita-gobierno-de-aragon-scaled.jpg\",\"width\":2560,\"height\":1707},{\"@type\":\"BreadcrumbList\",\"@id\":\"https:\\\/\\\/www.tekniagroup.com\\\/es\\\/teknia-duplicara-su-facturacion-en-aragon\\\/#breadcrumb\",\"itemListElement\":[{\"@type\":\"ListItem\",\"position\":1,\"name\":\"Home\",\"item\":\"https:\\\/\\\/www.tekniagroup.com\\\/es\\\/\"},{\"@type\":\"ListItem\",\"position\":2,\"name\":\"Teknia Pedrola duplicar\u00e1 su facturaci\u00f3n gracias a un nuevo proyecto\"}]},{\"@type\":\"WebSite\",\"@id\":\"https:\\\/\\\/www.tekniagroup.com\\\/es\\\/#website\",\"url\":\"https:\\\/\\\/www.tekniagroup.com\\\/es\\\/\",\"name\":\"Teknia\",\"description\":\"Your manufacturing partner for mobility\",\"potentialAction\":[{\"@type\":\"SearchAction\",\"target\":{\"@type\":\"EntryPoint\",\"urlTemplate\":\"https:\\\/\\\/www.tekniagroup.com\\\/es\\\/?s={search_term_string}\"},\"query-input\":{\"@type\":\"PropertyValueSpecification\",\"valueRequired\":true,\"valueName\":\"search_term_string\"}}],\"inLanguage\":\"es\"},{\"@type\":\"Person\",\"@id\":\"https:\\\/\\\/www.tekniagroup.com\\\/es\\\/#\\\/schema\\\/person\\\/cd5d2e18685b4391aa36a02df73e96f3\",\"name\":\"Gonzalo Prieto\",\"image\":{\"@type\":\"ImageObject\",\"inLanguage\":\"es\",\"@id\":\"https:\\\/\\\/secure.gravatar.com\\\/avatar\\\/280f2abef1b334d848c14fc51ac0689b7dcd2a291062aeb350226b888980c4c5?s=96&d=mm&r=g\",\"url\":\"https:\\\/\\\/secure.gravatar.com\\\/avatar\\\/280f2abef1b334d848c14fc51ac0689b7dcd2a291062aeb350226b888980c4c5?s=96&d=mm&r=g\",\"contentUrl\":\"https:\\\/\\\/secure.gravatar.com\\\/avatar\\\/280f2abef1b334d848c14fc51ac0689b7dcd2a291062aeb350226b888980c4c5?s=96&d=mm&r=g\",\"caption\":\"Gonzalo Prieto\"},\"url\":\"https:\\\/\\\/www.tekniagroup.com\\\/es\\\/author\\\/gonzalo\\\/\"}]}<\/script>\n<!-- \/ Yoast SEO plugin. -->","yoast_head_json":{"title":"Teknia Pedrola duplicar\u00e1 su facturaci\u00f3n gracias a un nuevo proyecto - Teknia","description":"Teknia Pedrola anuncia un nuevo proyecto que duplicar\u00e1 su facturaci\u00f3n. Consiste en una pieza fundamental en los veh\u00edculos h\u00edbridos.","robots":{"index":"index","follow":"follow","max-snippet":"max-snippet:-1","max-image-preview":"max-image-preview:large","max-video-preview":"max-video-preview:-1"},"canonical":"https:\/\/www.tekniagroup.com\/es\/teknia-duplicara-su-facturacion-en-aragon\/","og_locale":"es_ES","og_type":"article","og_title":"Teknia Pedrola duplicar\u00e1 su facturaci\u00f3n gracias a un nuevo proyecto - Teknia","og_description":"Teknia Pedrola anuncia un nuevo proyecto que duplicar\u00e1 su facturaci\u00f3n. Consiste en una pieza fundamental en los veh\u00edculos h\u00edbridos.","og_url":"https:\/\/www.tekniagroup.com\/es\/teknia-duplicara-su-facturacion-en-aragon\/","og_site_name":"Teknia","article_published_time":"2024-01-31T13:29:55+00:00","article_modified_time":"2024-02-01T15:52:26+00:00","og_image":[{"width":2560,"height":1707,"url":"https:\/\/www.tekniagroup.com\/wp-content\/uploads\/2024\/01\/teknia-pedrola_visita-gobierno-de-aragon-scaled.jpg","type":"image\/jpeg"}],"author":"Gonzalo Prieto","twitter_card":"summary_large_image","twitter_misc":{"Escrito por":"Gonzalo Prieto","Tiempo de lectura":"3 minutos"},"schema":{"@context":"https:\/\/schema.org","@graph":[{"@type":"Article","@id":"https:\/\/www.tekniagroup.com\/es\/teknia-duplicara-su-facturacion-en-aragon\/#article","isPartOf":{"@id":"https:\/\/www.tekniagroup.com\/es\/teknia-duplicara-su-facturacion-en-aragon\/"},"author":{"name":"Gonzalo Prieto","@id":"https:\/\/www.tekniagroup.com\/es\/#\/schema\/person\/cd5d2e18685b4391aa36a02df73e96f3"},"headline":"Teknia Pedrola duplicar\u00e1 su facturaci\u00f3n gracias a un nuevo proyecto","datePublished":"2024-01-31T13:29:55+00:00","dateModified":"2024-02-01T15:52:26+00:00","mainEntityOfPage":{"@id":"https:\/\/www.tekniagroup.com\/es\/teknia-duplicara-su-facturacion-en-aragon\/"},"wordCount":672,"image":{"@id":"https:\/\/www.tekniagroup.com\/es\/teknia-duplicara-su-facturacion-en-aragon\/#primaryimage"},"thumbnailUrl":"https:\/\/www.tekniagroup.com\/wp-content\/uploads\/2024\/01\/teknia-pedrola_visita-gobierno-de-aragon-scaled.jpg","articleSection":["Noticias"],"inLanguage":"es"},{"@type":"WebPage","@id":"https:\/\/www.tekniagroup.com\/es\/teknia-duplicara-su-facturacion-en-aragon\/","url":"https:\/\/www.tekniagroup.com\/es\/teknia-duplicara-su-facturacion-en-aragon\/","name":"Teknia Pedrola duplicar\u00e1 su facturaci\u00f3n gracias a un nuevo proyecto - Teknia","isPartOf":{"@id":"https:\/\/www.tekniagroup.com\/es\/#website"},"primaryImageOfPage":{"@id":"https:\/\/www.tekniagroup.com\/es\/teknia-duplicara-su-facturacion-en-aragon\/#primaryimage"},"image":{"@id":"https:\/\/www.tekniagroup.com\/es\/teknia-duplicara-su-facturacion-en-aragon\/#primaryimage"},"thumbnailUrl":"https:\/\/www.tekniagroup.com\/wp-content\/uploads\/2024\/01\/teknia-pedrola_visita-gobierno-de-aragon-scaled.jpg","datePublished":"2024-01-31T13:29:55+00:00","dateModified":"2024-02-01T15:52:26+00:00","author":{"@id":"https:\/\/www.tekniagroup.com\/es\/#\/schema\/person\/cd5d2e18685b4391aa36a02df73e96f3"},"description":"Teknia Pedrola anuncia un nuevo proyecto que duplicar\u00e1 su facturaci\u00f3n. Consiste en una pieza fundamental en los veh\u00edculos h\u00edbridos.","breadcrumb":{"@id":"https:\/\/www.tekniagroup.com\/es\/teknia-duplicara-su-facturacion-en-aragon\/#breadcrumb"},"inLanguage":"es","potentialAction":[{"@type":"ReadAction","target":["https:\/\/www.tekniagroup.com\/es\/teknia-duplicara-su-facturacion-en-aragon\/"]}]},{"@type":"ImageObject","inLanguage":"es","@id":"https:\/\/www.tekniagroup.com\/es\/teknia-duplicara-su-facturacion-en-aragon\/#primaryimage","url":"https:\/\/www.tekniagroup.com\/wp-content\/uploads\/2024\/01\/teknia-pedrola_visita-gobierno-de-aragon-scaled.jpg","contentUrl":"https:\/\/www.tekniagroup.com\/wp-content\/uploads\/2024\/01\/teknia-pedrola_visita-gobierno-de-aragon-scaled.jpg","width":2560,"height":1707},{"@type":"BreadcrumbList","@id":"https:\/\/www.tekniagroup.com\/es\/teknia-duplicara-su-facturacion-en-aragon\/#breadcrumb","itemListElement":[{"@type":"ListItem","position":1,"name":"Home","item":"https:\/\/www.tekniagroup.com\/es\/"},{"@type":"ListItem","position":2,"name":"Teknia Pedrola duplicar\u00e1 su facturaci\u00f3n gracias a un nuevo proyecto"}]},{"@type":"WebSite","@id":"https:\/\/www.tekniagroup.com\/es\/#website","url":"https:\/\/www.tekniagroup.com\/es\/","name":"Teknia","description":"Your manufacturing partner for mobility","potentialAction":[{"@type":"SearchAction","target":{"@type":"EntryPoint","urlTemplate":"https:\/\/www.tekniagroup.com\/es\/?s={search_term_string}"},"query-input":{"@type":"PropertyValueSpecification","valueRequired":true,"valueName":"search_term_string"}}],"inLanguage":"es"},{"@type":"Person","@id":"https:\/\/www.tekniagroup.com\/es\/#\/schema\/person\/cd5d2e18685b4391aa36a02df73e96f3","name":"Gonzalo Prieto","image":{"@type":"ImageObject","inLanguage":"es","@id":"https:\/\/secure.gravatar.com\/avatar\/280f2abef1b334d848c14fc51ac0689b7dcd2a291062aeb350226b888980c4c5?s=96&d=mm&r=g","url":"https:\/\/secure.gravatar.com\/avatar\/280f2abef1b334d848c14fc51ac0689b7dcd2a291062aeb350226b888980c4c5?s=96&d=mm&r=g","contentUrl":"https:\/\/secure.gravatar.com\/avatar\/280f2abef1b334d848c14fc51ac0689b7dcd2a291062aeb350226b888980c4c5?s=96&d=mm&r=g","caption":"Gonzalo Prieto"},"url":"https:\/\/www.tekniagroup.com\/es\/author\/gonzalo\/"}]}},"_links":{"self":[{"href":"https:\/\/www.tekniagroup.com\/es\/wp-json\/wp\/v2\/posts\/3187","targetHints":{"allow":["GET"]}}],"collection":[{"href":"https:\/\/www.tekniagroup.com\/es\/wp-json\/wp\/v2\/posts"}],"about":[{"href":"https:\/\/www.tekniagroup.com\/es\/wp-json\/wp\/v2\/types\/post"}],"author":[{"embeddable":true,"href":"https:\/\/www.tekniagroup.com\/es\/wp-json\/wp\/v2\/users\/7"}],"replies":[{"embeddable":true,"href":"https:\/\/www.tekniagroup.com\/es\/wp-json\/wp\/v2\/comments?post=3187"}],"version-history":[{"count":2,"href":"https:\/\/www.tekniagroup.com\/es\/wp-json\/wp\/v2\/posts\/3187\/revisions"}],"predecessor-version":[{"id":3189,"href":"https:\/\/www.tekniagroup.com\/es\/wp-json\/wp\/v2\/posts\/3187\/revisions\/3189"}],"wp:featuredmedia":[{"embeddable":true,"href":"https:\/\/www.tekniagroup.com\/es\/wp-json\/wp\/v2\/media\/3166"}],"wp:attachment":[{"href":"https:\/\/www.tekniagroup.com\/es\/wp-json\/wp\/v2\/media?parent=3187"}],"wp:term":[{"taxonomy":"category","embeddable":true,"href":"https:\/\/www.tekniagroup.com\/es\/wp-json\/wp\/v2\/categories?post=3187"},{"taxonomy":"post_tag","embeddable":true,"href":"https:\/\/www.tekniagroup.com\/es\/wp-json\/wp\/v2\/tags?post=3187"}],"curies":[{"name":"wp","href":"https:\/\/api.w.org\/{rel}","templated":true}]}}