{"id":2951,"date":"2023-11-09T08:43:12","date_gmt":"2023-11-09T08:43:12","guid":{"rendered":"https:\/\/www.tekniagroup.com\/?p=2951"},"modified":"2023-11-09T08:47:21","modified_gmt":"2023-11-09T08:47:21","slug":"teknia-se-une-a-la-alianza-para-la-formacion-profesional-dual","status":"publish","type":"post","link":"https:\/\/www.tekniagroup.com\/es\/teknia-se-une-a-la-alianza-para-la-formacion-profesional-dual\/","title":{"rendered":"Teknia se une a la \u2018Alianza para la Formaci\u00f3n Profesional Dual\u2019"},"content":{"rendered":"<ul>\n<li><strong>La multinacional espa<\/strong><strong>\u00f1<\/strong><strong>ola se une a la Alianza para la FP Dual para impulsar la formaci<\/strong><strong>\u00f3<\/strong><strong>n profesional de calidad y la empleabilidad de los futuros profesionales de la industria<\/strong><\/li>\n<\/ul>\n<ul>\n<li><strong>En un momento de grandes cambios en el sector de la automoci<\/strong><strong>\u00f3<\/strong><strong>n, Teknia busca atraer al mejor talento para continuar con su crecimiento y consolidaci\u00f3n<\/strong><\/li>\n<\/ul>\n<p>&nbsp;<\/p>\n<p><strong>Madrid, 19 de octubre de 2023<\/strong>.- Teknia, multinacional espa\u00f1ola especializada en la fabricaci\u00f3n de componentes met\u00e1licos y pl\u00e1sticos para la movilidad, ha formalizado hoy su adhesi\u00f3n a la \u2018Alianza para la Formaci\u00f3n Profesional Dual\u2019, una iniciativa que tiene el objetivo de impulsar la formaci\u00f3n profesional de calidad y la empleabilidad de los j\u00f3venes.<\/p>\n<p>La \u2018Alianza para la FP Dual\u2019 fue impulsada en 2015 por la Fundaci\u00f3n Bertelsmann, Fundaci\u00f3n Princesa de Girona, CEOE y la C\u00e1mara de Comercio de Espa\u00f1a. Se configura como una red estatal de m\u00e1s de 1.500 empresas, centros educativos e instituciones, y tiene como objetivo potenciar el desarrollo de una Formaci\u00f3n Profesional Dual de calidad en Espa\u00f1a.<\/p>\n<p>Teknia se suma a esta alianza con el compromiso y el objetivo de colaborar activamente en el crecimiento profesional, personal y en la empleabilidad de los futuros profesionales que se incorporen a la industria de automoci\u00f3n. En un momento de cambios para el sector, el Grupo busca atraer al mejor talento para continuar con su crecimiento y la incorporaci\u00f3n a la \u2018Alianza para la Formaci\u00f3n Profesional Dual\u2019 es una oportunidad para unir fuerzas con actores clave en esta materia en Espa\u00f1a.<\/p>\n<p>El acto de adhesi\u00f3n se ha celebrado hoy en la sede central de la compa\u00f1\u00eda en Madrid y ha contado con la presencia de representantes de ambas organizaciones. En el evento, Francisco Belil, vicepresidente de la Fundaci\u00f3n Bertelsmann, ha hecho entrega de la placa de adhesi\u00f3n a la Alianza al equipo directivo de Teknia presente en el acto, liderado por su director general, Javier Quesada de Luis, y acompa\u00f1ado por Jorge L\u00e1zaro, director de Recursos Humanos, y Gonzalo Prieto, director de Comunicaci\u00f3n, Relaciones Institucionales y Sostenibilidad.<\/p>\n<p>Durante la firma, se ha puesto de manifiesto la necesidad por seguir impulsando una Formaci\u00f3n Profesional de calidad en el sector de la automoci\u00f3n que ayude a la trasformaci\u00f3n y adaptaci\u00f3n de la industria a nuevos escenarios en los que, cada vez m\u00e1s, los futuros profesionales van a tener un papel clave en su desarrollo.<\/p>\n<div id=\"attachment_2311\" style=\"width: 2570px\" class=\"wp-caption alignnone\"><img loading=\"lazy\" decoding=\"async\" aria-describedby=\"caption-attachment-2311\" class=\"wp-image-2311 size-full\" title=\"Francisco Belil entregando la placa a conmemorativa a Javier Quesada de Luis\" src=\"https:\/\/www.tekniagroup.com\/wp-content\/uploads\/2023\/10\/teknia_adhesion-fp-dual-2-scaled.jpg\" alt=\"Francisco Belil entregando la placa a conmemorativa a Javier Quesada de Luis\" width=\"2560\" height=\"1706\" \/><p id=\"caption-attachment-2311\" class=\"wp-caption-text\">Francisco Belil entregando la placa a conmemorativa a Javier Quesada de Luis<\/p><\/div>\n<p><strong>La Formaci\u00f3n Profesional, decisiva para reforzar la industria espa\u00f1ola<\/strong><\/p>\n<p>Para Teknia, como empresa industrial con m\u00e1s de 30 a\u00f1os de historia, la Formaci\u00f3n Profesional ha sido clave para afrontar el crecimiento de la compa\u00f1\u00eda. Desde sus inicios, el Grupo apost\u00f3 por estos estudios para incorporar al mejor talento en las distintas \u00e1reas en las que trabaja, enriqueciendo un equipo formado ya por m\u00e1s de 3.500 personas repartidas en 23 plantas y 13 pa\u00edses.<\/p>\n<p>Por ello, Teknia considera clave seguir desarrollando acciones que contin\u00faen mejorando sus pr\u00e1cticas y que las empresas y los centros educativos trabajen juntos para conseguir adecuar los programas a las necesidades actuales del mercado.<\/p>\n<p><strong>Francisco Belil<\/strong>, vicepresidente de la Fundaci\u00f3n Bertelsmann, ha se\u00f1alado: \u201cEsta adhesi\u00f3n supone un paso m\u00e1s en el camino para impulsar la FP dual de calidad y posicionarla como se merece en el sector de la automoci\u00f3n. Es esencial que multinacionales con tantos a\u00f1os de experiencia como Teknia sean las principales encargadas de formar a futuros profesionales de la industria espa\u00f1ola y act\u00faen como \u201cempresa tractora\u201d de la FP Dual, teniendo en cuenta todos los nuevos retos y desaf\u00edos que est\u00e1n por abarcar\u201d.<\/p>\n<p>Por su parte, <strong>Javier Quesada de Luis<\/strong>, director general de Teknia, explic\u00f3 que desde el Grupo \u201cestamos muy satisfechos por la incorporaci\u00f3n a la Alianza para la FP Dual y con nuestra relaci\u00f3n con la Fundaci\u00f3n Bertelsmann. En Teknia siempre hemos apostado por la Formaci\u00f3n Profesional como una manera natural de incorporar talento con vocaci\u00f3n, ambici\u00f3n y ganas de desarrollar su carrera en la industria. En un escenario de grandes cambios en el sector de la movilidad, queremos seguir apostando por el desarrollo y el fomento de la FP para adaptarnos a las nuevas tendencias y posicionarnos como el socio de fabricaci\u00f3n\u201d.<\/p>\n","protected":false},"excerpt":{"rendered":"La multinacional espa\u00f1ola se une a la Alianza para la FP Dual para impulsar la formaci\u00f3n profesional de calidad y la empleabilidad de los futuros profesionales de la industria En un momento de grandes cambios en el sector de la automoci\u00f3n, Teknia busca atraer al mejor talento para continuar con su crecimiento y consolidaci\u00f3n &nbsp;&#8230;","protected":false},"author":6,"featured_media":2949,"comment_status":"closed","ping_status":"closed","sticky":false,"template":"","format":"standard","meta":{"_acf_changed":false,"om_disable_all_campaigns":false,"inline_featured_image":false,"footnotes":""},"categories":[22],"tags":[],"class_list":["post-2951","post","type-post","status-publish","format-standard","has-post-thumbnail","hentry","category-noticias"],"acf":[],"yoast_head":"<!-- This site is optimized with the Yoast SEO plugin v27.3 - https:\/\/yoast.com\/product\/yoast-seo-wordpress\/ -->\n<title>Teknia se une a la \u2018Alianza para la Formaci\u00f3n Profesional Dual\u2019 - Teknia<\/title>\n<meta name=\"description\" content=\"Teknia, multinacional espa\u00f1ola especializada en la fabricaci\u00f3n de componentes met\u00e1licos y pl\u00e1sticos para la movilidad, ha formalizado hoy su adhesi\u00f3n a la \u2018Alianza para la Formaci\u00f3n Profesional Dual\u2019, una iniciativa que tiene el objetivo de impulsar la formaci\u00f3n profesional de calidad y la empleabilidad de los j\u00f3venes.\" \/>\n<meta name=\"robots\" content=\"index, follow, max-snippet:-1, max-image-preview:large, max-video-preview:-1\" \/>\n<link rel=\"canonical\" href=\"https:\/\/www.tekniagroup.com\/es\/teknia-se-une-a-la-alianza-para-la-formacion-profesional-dual\/\" \/>\n<meta property=\"og:locale\" content=\"es_ES\" \/>\n<meta property=\"og:type\" content=\"article\" \/>\n<meta property=\"og:title\" content=\"Teknia se une a la \u2018Alianza para la Formaci\u00f3n Profesional Dual\u2019 - Teknia\" \/>\n<meta property=\"og:description\" content=\"Teknia, multinacional espa\u00f1ola especializada en la fabricaci\u00f3n de componentes met\u00e1licos y pl\u00e1sticos para la movilidad, ha formalizado hoy su adhesi\u00f3n a la \u2018Alianza para la Formaci\u00f3n Profesional Dual\u2019, una iniciativa que tiene el objetivo de impulsar la formaci\u00f3n profesional de calidad y la empleabilidad de los j\u00f3venes.\" \/>\n<meta property=\"og:url\" content=\"https:\/\/www.tekniagroup.com\/es\/teknia-se-une-a-la-alianza-para-la-formacion-profesional-dual\/\" \/>\n<meta property=\"og:site_name\" content=\"Teknia\" \/>\n<meta property=\"article:published_time\" content=\"2023-11-09T08:43:12+00:00\" \/>\n<meta property=\"article:modified_time\" content=\"2023-11-09T08:47:21+00:00\" \/>\n<meta property=\"og:image\" content=\"https:\/\/www.tekniagroup.com\/wp-content\/uploads\/2023\/11\/teknia_adhesion-fp-dual-1-2048x1365-1.jpg\" \/>\n\t<meta property=\"og:image:width\" content=\"2048\" \/>\n\t<meta property=\"og:image:height\" content=\"1365\" \/>\n\t<meta property=\"og:image:type\" content=\"image\/jpeg\" \/>\n<meta name=\"author\" content=\"Jorge Lara\" \/>\n<meta name=\"twitter:card\" content=\"summary_large_image\" \/>\n<meta name=\"twitter:label1\" content=\"Escrito por\" \/>\n\t<meta name=\"twitter:data1\" content=\"Jorge Lara\" \/>\n\t<meta name=\"twitter:label2\" content=\"Tiempo de lectura\" \/>\n\t<meta name=\"twitter:data2\" content=\"4 minutos\" \/>\n<script type=\"application\/ld+json\" class=\"yoast-schema-graph\">{\"@context\":\"https:\\\/\\\/schema.org\",\"@graph\":[{\"@type\":\"Article\",\"@id\":\"https:\\\/\\\/www.tekniagroup.com\\\/es\\\/teknia-se-une-a-la-alianza-para-la-formacion-profesional-dual\\\/#article\",\"isPartOf\":{\"@id\":\"https:\\\/\\\/www.tekniagroup.com\\\/es\\\/teknia-se-une-a-la-alianza-para-la-formacion-profesional-dual\\\/\"},\"author\":{\"name\":\"Jorge Lara\",\"@id\":\"https:\\\/\\\/www.tekniagroup.com\\\/es\\\/#\\\/schema\\\/person\\\/cf1ee241669ca8d66c37a92543227ae9\"},\"headline\":\"Teknia se une a la \u2018Alianza para la Formaci\u00f3n Profesional Dual\u2019\",\"datePublished\":\"2023-11-09T08:43:12+00:00\",\"dateModified\":\"2023-11-09T08:47:21+00:00\",\"mainEntityOfPage\":{\"@id\":\"https:\\\/\\\/www.tekniagroup.com\\\/es\\\/teknia-se-une-a-la-alianza-para-la-formacion-profesional-dual\\\/\"},\"wordCount\":764,\"image\":{\"@id\":\"https:\\\/\\\/www.tekniagroup.com\\\/es\\\/teknia-se-une-a-la-alianza-para-la-formacion-profesional-dual\\\/#primaryimage\"},\"thumbnailUrl\":\"https:\\\/\\\/www.tekniagroup.com\\\/wp-content\\\/uploads\\\/2023\\\/11\\\/teknia_adhesion-fp-dual-1-2048x1365-1.jpg\",\"articleSection\":[\"Noticias\"],\"inLanguage\":\"es\"},{\"@type\":\"WebPage\",\"@id\":\"https:\\\/\\\/www.tekniagroup.com\\\/es\\\/teknia-se-une-a-la-alianza-para-la-formacion-profesional-dual\\\/\",\"url\":\"https:\\\/\\\/www.tekniagroup.com\\\/es\\\/teknia-se-une-a-la-alianza-para-la-formacion-profesional-dual\\\/\",\"name\":\"Teknia se une a la \u2018Alianza para la Formaci\u00f3n Profesional Dual\u2019 - Teknia\",\"isPartOf\":{\"@id\":\"https:\\\/\\\/www.tekniagroup.com\\\/es\\\/#website\"},\"primaryImageOfPage\":{\"@id\":\"https:\\\/\\\/www.tekniagroup.com\\\/es\\\/teknia-se-une-a-la-alianza-para-la-formacion-profesional-dual\\\/#primaryimage\"},\"image\":{\"@id\":\"https:\\\/\\\/www.tekniagroup.com\\\/es\\\/teknia-se-une-a-la-alianza-para-la-formacion-profesional-dual\\\/#primaryimage\"},\"thumbnailUrl\":\"https:\\\/\\\/www.tekniagroup.com\\\/wp-content\\\/uploads\\\/2023\\\/11\\\/teknia_adhesion-fp-dual-1-2048x1365-1.jpg\",\"datePublished\":\"2023-11-09T08:43:12+00:00\",\"dateModified\":\"2023-11-09T08:47:21+00:00\",\"author\":{\"@id\":\"https:\\\/\\\/www.tekniagroup.com\\\/es\\\/#\\\/schema\\\/person\\\/cf1ee241669ca8d66c37a92543227ae9\"},\"description\":\"Teknia, multinacional espa\u00f1ola especializada en la fabricaci\u00f3n de componentes met\u00e1licos y pl\u00e1sticos para la movilidad, ha formalizado hoy su adhesi\u00f3n a la \u2018Alianza para la Formaci\u00f3n Profesional Dual\u2019, una iniciativa que tiene el objetivo de impulsar la formaci\u00f3n profesional de calidad y la empleabilidad de los j\u00f3venes.\",\"breadcrumb\":{\"@id\":\"https:\\\/\\\/www.tekniagroup.com\\\/es\\\/teknia-se-une-a-la-alianza-para-la-formacion-profesional-dual\\\/#breadcrumb\"},\"inLanguage\":\"es\",\"potentialAction\":[{\"@type\":\"ReadAction\",\"target\":[\"https:\\\/\\\/www.tekniagroup.com\\\/es\\\/teknia-se-une-a-la-alianza-para-la-formacion-profesional-dual\\\/\"]}]},{\"@type\":\"ImageObject\",\"inLanguage\":\"es\",\"@id\":\"https:\\\/\\\/www.tekniagroup.com\\\/es\\\/teknia-se-une-a-la-alianza-para-la-formacion-profesional-dual\\\/#primaryimage\",\"url\":\"https:\\\/\\\/www.tekniagroup.com\\\/wp-content\\\/uploads\\\/2023\\\/11\\\/teknia_adhesion-fp-dual-1-2048x1365-1.jpg\",\"contentUrl\":\"https:\\\/\\\/www.tekniagroup.com\\\/wp-content\\\/uploads\\\/2023\\\/11\\\/teknia_adhesion-fp-dual-1-2048x1365-1.jpg\",\"width\":2048,\"height\":1365},{\"@type\":\"BreadcrumbList\",\"@id\":\"https:\\\/\\\/www.tekniagroup.com\\\/es\\\/teknia-se-une-a-la-alianza-para-la-formacion-profesional-dual\\\/#breadcrumb\",\"itemListElement\":[{\"@type\":\"ListItem\",\"position\":1,\"name\":\"Home\",\"item\":\"https:\\\/\\\/www.tekniagroup.com\\\/es\\\/\"},{\"@type\":\"ListItem\",\"position\":2,\"name\":\"Teknia se une a la \u2018Alianza para la Formaci\u00f3n Profesional Dual\u2019\"}]},{\"@type\":\"WebSite\",\"@id\":\"https:\\\/\\\/www.tekniagroup.com\\\/es\\\/#website\",\"url\":\"https:\\\/\\\/www.tekniagroup.com\\\/es\\\/\",\"name\":\"Teknia\",\"description\":\"Your manufacturing partner for mobility\",\"potentialAction\":[{\"@type\":\"SearchAction\",\"target\":{\"@type\":\"EntryPoint\",\"urlTemplate\":\"https:\\\/\\\/www.tekniagroup.com\\\/es\\\/?s={search_term_string}\"},\"query-input\":{\"@type\":\"PropertyValueSpecification\",\"valueRequired\":true,\"valueName\":\"search_term_string\"}}],\"inLanguage\":\"es\"},{\"@type\":\"Person\",\"@id\":\"https:\\\/\\\/www.tekniagroup.com\\\/es\\\/#\\\/schema\\\/person\\\/cf1ee241669ca8d66c37a92543227ae9\",\"name\":\"Jorge Lara\",\"image\":{\"@type\":\"ImageObject\",\"inLanguage\":\"es\",\"@id\":\"https:\\\/\\\/secure.gravatar.com\\\/avatar\\\/bf9ad997570d9e156afb5ff4ffcde1cb9b8b9ba3ff8b597bbd91df78219f491d?s=96&d=mm&r=g\",\"url\":\"https:\\\/\\\/secure.gravatar.com\\\/avatar\\\/bf9ad997570d9e156afb5ff4ffcde1cb9b8b9ba3ff8b597bbd91df78219f491d?s=96&d=mm&r=g\",\"contentUrl\":\"https:\\\/\\\/secure.gravatar.com\\\/avatar\\\/bf9ad997570d9e156afb5ff4ffcde1cb9b8b9ba3ff8b597bbd91df78219f491d?s=96&d=mm&r=g\",\"caption\":\"Jorge Lara\"},\"url\":\"https:\\\/\\\/www.tekniagroup.com\\\/es\\\/author\\\/lin3s\\\/\"}]}<\/script>\n<!-- \/ Yoast SEO plugin. -->","yoast_head_json":{"title":"Teknia se une a la \u2018Alianza para la Formaci\u00f3n Profesional Dual\u2019 - Teknia","description":"Teknia, multinacional espa\u00f1ola especializada en la fabricaci\u00f3n de componentes met\u00e1licos y pl\u00e1sticos para la movilidad, ha formalizado hoy su adhesi\u00f3n a la \u2018Alianza para la Formaci\u00f3n Profesional Dual\u2019, una iniciativa que tiene el objetivo de impulsar la formaci\u00f3n profesional de calidad y la empleabilidad de los j\u00f3venes.","robots":{"index":"index","follow":"follow","max-snippet":"max-snippet:-1","max-image-preview":"max-image-preview:large","max-video-preview":"max-video-preview:-1"},"canonical":"https:\/\/www.tekniagroup.com\/es\/teknia-se-une-a-la-alianza-para-la-formacion-profesional-dual\/","og_locale":"es_ES","og_type":"article","og_title":"Teknia se une a la \u2018Alianza para la Formaci\u00f3n Profesional Dual\u2019 - Teknia","og_description":"Teknia, multinacional espa\u00f1ola especializada en la fabricaci\u00f3n de componentes met\u00e1licos y pl\u00e1sticos para la movilidad, ha formalizado hoy su adhesi\u00f3n a la \u2018Alianza para la Formaci\u00f3n Profesional Dual\u2019, una iniciativa que tiene el objetivo de impulsar la formaci\u00f3n profesional de calidad y la empleabilidad de los j\u00f3venes.","og_url":"https:\/\/www.tekniagroup.com\/es\/teknia-se-une-a-la-alianza-para-la-formacion-profesional-dual\/","og_site_name":"Teknia","article_published_time":"2023-11-09T08:43:12+00:00","article_modified_time":"2023-11-09T08:47:21+00:00","og_image":[{"width":2048,"height":1365,"url":"https:\/\/www.tekniagroup.com\/wp-content\/uploads\/2023\/11\/teknia_adhesion-fp-dual-1-2048x1365-1.jpg","type":"image\/jpeg"}],"author":"Jorge Lara","twitter_card":"summary_large_image","twitter_misc":{"Escrito por":"Jorge Lara","Tiempo de lectura":"4 minutos"},"schema":{"@context":"https:\/\/schema.org","@graph":[{"@type":"Article","@id":"https:\/\/www.tekniagroup.com\/es\/teknia-se-une-a-la-alianza-para-la-formacion-profesional-dual\/#article","isPartOf":{"@id":"https:\/\/www.tekniagroup.com\/es\/teknia-se-une-a-la-alianza-para-la-formacion-profesional-dual\/"},"author":{"name":"Jorge Lara","@id":"https:\/\/www.tekniagroup.com\/es\/#\/schema\/person\/cf1ee241669ca8d66c37a92543227ae9"},"headline":"Teknia se une a la \u2018Alianza para la Formaci\u00f3n Profesional Dual\u2019","datePublished":"2023-11-09T08:43:12+00:00","dateModified":"2023-11-09T08:47:21+00:00","mainEntityOfPage":{"@id":"https:\/\/www.tekniagroup.com\/es\/teknia-se-une-a-la-alianza-para-la-formacion-profesional-dual\/"},"wordCount":764,"image":{"@id":"https:\/\/www.tekniagroup.com\/es\/teknia-se-une-a-la-alianza-para-la-formacion-profesional-dual\/#primaryimage"},"thumbnailUrl":"https:\/\/www.tekniagroup.com\/wp-content\/uploads\/2023\/11\/teknia_adhesion-fp-dual-1-2048x1365-1.jpg","articleSection":["Noticias"],"inLanguage":"es"},{"@type":"WebPage","@id":"https:\/\/www.tekniagroup.com\/es\/teknia-se-une-a-la-alianza-para-la-formacion-profesional-dual\/","url":"https:\/\/www.tekniagroup.com\/es\/teknia-se-une-a-la-alianza-para-la-formacion-profesional-dual\/","name":"Teknia se une a la \u2018Alianza para la Formaci\u00f3n Profesional Dual\u2019 - Teknia","isPartOf":{"@id":"https:\/\/www.tekniagroup.com\/es\/#website"},"primaryImageOfPage":{"@id":"https:\/\/www.tekniagroup.com\/es\/teknia-se-une-a-la-alianza-para-la-formacion-profesional-dual\/#primaryimage"},"image":{"@id":"https:\/\/www.tekniagroup.com\/es\/teknia-se-une-a-la-alianza-para-la-formacion-profesional-dual\/#primaryimage"},"thumbnailUrl":"https:\/\/www.tekniagroup.com\/wp-content\/uploads\/2023\/11\/teknia_adhesion-fp-dual-1-2048x1365-1.jpg","datePublished":"2023-11-09T08:43:12+00:00","dateModified":"2023-11-09T08:47:21+00:00","author":{"@id":"https:\/\/www.tekniagroup.com\/es\/#\/schema\/person\/cf1ee241669ca8d66c37a92543227ae9"},"description":"Teknia, multinacional espa\u00f1ola especializada en la fabricaci\u00f3n de componentes met\u00e1licos y pl\u00e1sticos para la movilidad, ha formalizado hoy su adhesi\u00f3n a la \u2018Alianza para la Formaci\u00f3n Profesional Dual\u2019, una iniciativa que tiene el objetivo de impulsar la formaci\u00f3n profesional de calidad y la empleabilidad de los j\u00f3venes.","breadcrumb":{"@id":"https:\/\/www.tekniagroup.com\/es\/teknia-se-une-a-la-alianza-para-la-formacion-profesional-dual\/#breadcrumb"},"inLanguage":"es","potentialAction":[{"@type":"ReadAction","target":["https:\/\/www.tekniagroup.com\/es\/teknia-se-une-a-la-alianza-para-la-formacion-profesional-dual\/"]}]},{"@type":"ImageObject","inLanguage":"es","@id":"https:\/\/www.tekniagroup.com\/es\/teknia-se-une-a-la-alianza-para-la-formacion-profesional-dual\/#primaryimage","url":"https:\/\/www.tekniagroup.com\/wp-content\/uploads\/2023\/11\/teknia_adhesion-fp-dual-1-2048x1365-1.jpg","contentUrl":"https:\/\/www.tekniagroup.com\/wp-content\/uploads\/2023\/11\/teknia_adhesion-fp-dual-1-2048x1365-1.jpg","width":2048,"height":1365},{"@type":"BreadcrumbList","@id":"https:\/\/www.tekniagroup.com\/es\/teknia-se-une-a-la-alianza-para-la-formacion-profesional-dual\/#breadcrumb","itemListElement":[{"@type":"ListItem","position":1,"name":"Home","item":"https:\/\/www.tekniagroup.com\/es\/"},{"@type":"ListItem","position":2,"name":"Teknia se une a la \u2018Alianza para la Formaci\u00f3n Profesional Dual\u2019"}]},{"@type":"WebSite","@id":"https:\/\/www.tekniagroup.com\/es\/#website","url":"https:\/\/www.tekniagroup.com\/es\/","name":"Teknia","description":"Your manufacturing partner for mobility","potentialAction":[{"@type":"SearchAction","target":{"@type":"EntryPoint","urlTemplate":"https:\/\/www.tekniagroup.com\/es\/?s={search_term_string}"},"query-input":{"@type":"PropertyValueSpecification","valueRequired":true,"valueName":"search_term_string"}}],"inLanguage":"es"},{"@type":"Person","@id":"https:\/\/www.tekniagroup.com\/es\/#\/schema\/person\/cf1ee241669ca8d66c37a92543227ae9","name":"Jorge Lara","image":{"@type":"ImageObject","inLanguage":"es","@id":"https:\/\/secure.gravatar.com\/avatar\/bf9ad997570d9e156afb5ff4ffcde1cb9b8b9ba3ff8b597bbd91df78219f491d?s=96&d=mm&r=g","url":"https:\/\/secure.gravatar.com\/avatar\/bf9ad997570d9e156afb5ff4ffcde1cb9b8b9ba3ff8b597bbd91df78219f491d?s=96&d=mm&r=g","contentUrl":"https:\/\/secure.gravatar.com\/avatar\/bf9ad997570d9e156afb5ff4ffcde1cb9b8b9ba3ff8b597bbd91df78219f491d?s=96&d=mm&r=g","caption":"Jorge Lara"},"url":"https:\/\/www.tekniagroup.com\/es\/author\/lin3s\/"}]}},"_links":{"self":[{"href":"https:\/\/www.tekniagroup.com\/es\/wp-json\/wp\/v2\/posts\/2951","targetHints":{"allow":["GET"]}}],"collection":[{"href":"https:\/\/www.tekniagroup.com\/es\/wp-json\/wp\/v2\/posts"}],"about":[{"href":"https:\/\/www.tekniagroup.com\/es\/wp-json\/wp\/v2\/types\/post"}],"author":[{"embeddable":true,"href":"https:\/\/www.tekniagroup.com\/es\/wp-json\/wp\/v2\/users\/6"}],"replies":[{"embeddable":true,"href":"https:\/\/www.tekniagroup.com\/es\/wp-json\/wp\/v2\/comments?post=2951"}],"version-history":[{"count":1,"href":"https:\/\/www.tekniagroup.com\/es\/wp-json\/wp\/v2\/posts\/2951\/revisions"}],"predecessor-version":[{"id":2952,"href":"https:\/\/www.tekniagroup.com\/es\/wp-json\/wp\/v2\/posts\/2951\/revisions\/2952"}],"wp:featuredmedia":[{"embeddable":true,"href":"https:\/\/www.tekniagroup.com\/es\/wp-json\/wp\/v2\/media\/2949"}],"wp:attachment":[{"href":"https:\/\/www.tekniagroup.com\/es\/wp-json\/wp\/v2\/media?parent=2951"}],"wp:term":[{"taxonomy":"category","embeddable":true,"href":"https:\/\/www.tekniagroup.com\/es\/wp-json\/wp\/v2\/categories?post=2951"},{"taxonomy":"post_tag","embeddable":true,"href":"https:\/\/www.tekniagroup.com\/es\/wp-json\/wp\/v2\/tags?post=2951"}],"curies":[{"name":"wp","href":"https:\/\/api.w.org\/{rel}","templated":true}]}}