{"id":2279,"date":"2022-07-29T11:51:27","date_gmt":"2022-07-29T09:51:27","guid":{"rendered":"https:\/\/www.tekniagroup.com\/teknia-aumenta-su-facturacion-en-el-primer-semestre-pese-a-la-caida-del-mercado\/"},"modified":"2025-01-07T18:15:43","modified_gmt":"2025-01-07T16:15:43","slug":"teknia-aumenta-su-facturacion-en-el-primer-semestre-pese-a-la-caida-del-mercado","status":"publish","type":"post","link":"https:\/\/www.tekniagroup.com\/es\/teknia-aumenta-su-facturacion-en-el-primer-semestre-pese-a-la-caida-del-mercado\/","title":{"rendered":"Teknia aumenta su facturaci\u00f3n en el primer semestre pese a la ca\u00edda del mercado"},"content":{"rendered":"<ul>\n<li>La compa\u00f1\u00eda factur\u00f3 178 millones de euros y consigue amortiguar parcialmente el impacto de la subida de precios de materias primas y energ\u00eda<\/li>\n<li>En un entorno complejo el Grupo mantiene un endeudamiento contenido que asegura la estabilidad y los planes de la compa\u00f1\u00eda para los pr\u00f3ximos a\u00f1os<\/li>\n<li>Teknia ha integrado recientemente con \u00e9xito una nueva compa\u00f1\u00eda, la que representa su primera planta en Alemania<\/li>\n<\/ul>\n<p>&nbsp;<\/p>\n<p>Teknia, la multinacional especializada en la fabricaci\u00f3n de componentes met\u00e1licos y pl\u00e1sticos para la movilidad, increment\u00f3 su facturaci\u00f3n en el primer semestre de 2022 en un entorno de mercado con ca\u00eddas de vol\u00famenes en la fabricaci\u00f3n de veh\u00edculos y marcado por el alza de los precios de las materias primas y de la energ\u00eda.<\/p>\n<p>As\u00ed, a pesar del entorno desafiante, el Grupo ha conseguido incrementar un 2% sus ventas con respecto al primer semestre de 2021, hasta alcanzar los 178 millones de euros de facturaci\u00f3n. Este incremento se sit\u00faa cinco puntos porcentuales por encima de la evoluci\u00f3n del sector en los mercados en los que la compa\u00f1\u00eda opera, donde los vol\u00famenes de fabricaci\u00f3n decrecieron un 3% en el mismo periodo, seg\u00fan los datos de IHS.<\/p>\n<p>El EBITDA se situ\u00f3 en los 14,2 millones de euros mientras que el EBIT fue de 6,7 millones de euros. La compa\u00f1\u00eda logra, de esta manera, amortiguar parcialmente el impacto de las subidas tanto de materias primas como energ\u00eda, si bien el margen EBITDA sobre ventas se ha visto impactado al disminuir hasta el 8%.<\/p>\n<p>El Grupo espera mejorar los m\u00e1rgenes en la segunda mitad del a\u00f1o conforme siga repercutiendo los incrementos en los costes a sus clientes. El endeudamiento se situ\u00f3 en 2,59 veces EBITDA, mientras que la reserva de liquidez asciende a 52,7 millones de euros para afrontar operaciones de M&amp;A en el corto plazo. Las inversiones en la primera mitad del a\u00f1o se situaron en los 5,9 millones de euros.<\/p>\n<p>&nbsp;<\/p>\n<h5>&#8212; <strong>Principales datos financieros<\/strong> &#8212;<\/h5>\n<table>\n<tbody>\n<tr>\n<td class=\"dottedrow\"><strong>in \u20acm<\/strong><\/td>\n<td class=\"dottedrow\"><strong>H1 2021<\/strong><\/td>\n<td class=\"dottedrow\"><strong>H1 2022<\/strong><\/td>\n<\/tr>\n<tr>\n<td class=\"dottedrow\"><strong>Ventas<\/strong><\/td>\n<td class=\"dottedrow\">174.5<\/td>\n<td class=\"dottedrow\">178.0<\/td>\n<\/tr>\n<tr>\n<td class=\"dottedrow\"><strong>EBITDA<\/strong><\/td>\n<td class=\"dottedrow\">20.1<\/td>\n<td class=\"dottedrow\">14.2<\/td>\n<\/tr>\n<tr>\n<td class=\"dottedrow\"><strong>EBIT\u00a0<\/strong><\/td>\n<td class=\"dottedrow\">12.8<\/td>\n<td class=\"dottedrow\">6.7<\/td>\n<\/tr>\n<tr>\n<td class=\"dottedrow\"><strong>Margen EBITDA s. ventas <\/strong><\/td>\n<td class=\"dottedrow\">11.5%<\/td>\n<td class=\"dottedrow\">8.0%<\/td>\n<\/tr>\n<tr>\n<td class=\"dottedrow\"><strong>Deuda\/EBITDA\u00a0<\/strong><\/td>\n<td class=\"dottedrow\">1.93x<\/td>\n<td class=\"dottedrow\">2.59x<\/td>\n<\/tr>\n<tr>\n<td class=\"dottedrow\"><strong>Capex\u00a0<\/strong><\/td>\n<td class=\"dottedrow\">9.6<\/td>\n<td class=\"dottedrow\">5.9<\/td>\n<\/tr>\n<tr>\n<td class=\"dottedrow\"><strong>Liquidez<\/strong><\/td>\n<td class=\"dottedrow\">50.2<\/td>\n<td class=\"dottedrow\">52.7<\/td>\n<\/tr>\n<\/tbody>\n<\/table>\n<p>&nbsp;<\/p>\n<p>&nbsp;<\/p>\n<h4><strong>Primera planta del Grupo en Alemania <\/strong><\/h4>\n<p>Teknia anunci\u00f3 recientemente la adquisici\u00f3n de su primera f\u00e1brica en Alemania, situada cerca de Stuttgart, en la provincia de Baden-Wurtemberg en el sur de Alemania. Se trata de una instalaci\u00f3n estrat\u00e9gicamente conectada con los principales clientes de Teknia. La nueva planta cuenta con m\u00e1s de 100 empleados y una facturaci\u00f3n cercana a los 24 millones de euros en 2021.<\/p>\n<p>La nueva planta, que recibir\u00e1 el nombre de Teknia Stuttgart, est\u00e1 especializada en la mecanizaci\u00f3n de barra para la elaboraci\u00f3n de distintos componentes de suspensi\u00f3n de alta gama. Este tipo de componentes son relevantes en todo tipo de veh\u00edculos, lo que asegura el potencial de crecimiento de la planta y supondr\u00e1 recursos adicionales para el Grupo.<\/p>\n<p>\u201cHemos conseguido resistir en un entorno de alta complejidad para la industria de la movilidad, con muy importantes subidas de precios tanto de materias primas como de energ\u00eda, siempre tratando de preservar nuestra actividad a largo plazo. Tambi\u00e9n cumplimos con nuestras previsiones para este semestre, lo que nos encamina a alcanzar nuestros objetivos para el a\u00f1o, que pasan por mejorar el EBITDA respecto a 2021. Adem\u00e1s, en un escenario complicado, la compa\u00f1\u00eda mantiene un endeudamiento contenido lo que asegura la mejor manera de afrontar el futuro\u201d, explic\u00f3 el director general de Teknia, Javier Quesada de Luis.<\/p>\n","protected":false},"excerpt":{"rendered":"La compa\u00f1\u00eda factur\u00f3 178 millones de euros y consigue amortiguar parcialmente el impacto de la subida de precios de materias primas y energ\u00eda En un entorno complejo el Grupo mantiene un endeudamiento contenido que asegura la estabilidad y los planes de la compa\u00f1\u00eda para los pr\u00f3ximos a\u00f1os Teknia ha integrado recientemente con \u00e9xito una nueva&#8230;","protected":false},"author":1,"featured_media":2556,"comment_status":"closed","ping_status":"closed","sticky":false,"template":"","format":"standard","meta":{"_acf_changed":false,"om_disable_all_campaigns":false,"inline_featured_image":false,"footnotes":""},"categories":[22],"tags":[],"class_list":["post-2279","post","type-post","status-publish","format-standard","has-post-thumbnail","hentry","category-noticias"],"acf":[],"yoast_head":"<!-- This site is optimized with the Yoast SEO plugin v27.3 - https:\/\/yoast.com\/product\/yoast-seo-wordpress\/ -->\n<title>Teknia aumenta su facturaci\u00f3n en el primer semestre pese a la ca\u00edda del mercado - Teknia<\/title>\n<meta name=\"robots\" content=\"index, follow, max-snippet:-1, max-image-preview:large, max-video-preview:-1\" \/>\n<link rel=\"canonical\" href=\"https:\/\/www.tekniagroup.com\/es\/teknia-aumenta-su-facturacion-en-el-primer-semestre-pese-a-la-caida-del-mercado\/\" \/>\n<meta property=\"og:locale\" content=\"es_ES\" \/>\n<meta property=\"og:type\" content=\"article\" \/>\n<meta property=\"og:title\" content=\"Teknia aumenta su facturaci\u00f3n en el primer semestre pese a la ca\u00edda del mercado - Teknia\" \/>\n<meta property=\"og:description\" content=\"La compa\u00f1\u00eda factur\u00f3 178 millones de euros y consigue amortiguar parcialmente el impacto de la subida de precios de materias primas y energ\u00eda En un entorno complejo el Grupo mantiene un endeudamiento contenido que asegura la estabilidad y los planes de la compa\u00f1\u00eda para los pr\u00f3ximos a\u00f1os Teknia ha integrado recientemente con \u00e9xito una nueva...\" \/>\n<meta property=\"og:url\" content=\"https:\/\/www.tekniagroup.com\/es\/teknia-aumenta-su-facturacion-en-el-primer-semestre-pese-a-la-caida-del-mercado\/\" \/>\n<meta property=\"og:site_name\" content=\"Teknia\" \/>\n<meta property=\"article:published_time\" content=\"2022-07-29T09:51:27+00:00\" \/>\n<meta property=\"article:modified_time\" content=\"2025-01-07T16:15:43+00:00\" \/>\n<meta property=\"og:image\" content=\"https:\/\/www.tekniagroup.com\/wp-content\/uploads\/2022\/07\/20220729_teknia-bilbao_fabrica.jpg\" \/>\n\t<meta property=\"og:image:width\" content=\"1920\" \/>\n\t<meta property=\"og:image:height\" content=\"1080\" \/>\n\t<meta property=\"og:image:type\" content=\"image\/jpeg\" \/>\n<meta name=\"author\" content=\"wetpaint_\" \/>\n<meta name=\"twitter:card\" content=\"summary_large_image\" \/>\n<meta name=\"twitter:label1\" content=\"Escrito por\" \/>\n\t<meta name=\"twitter:data1\" content=\"wetpaint_\" \/>\n\t<meta name=\"twitter:label2\" content=\"Tiempo de lectura\" \/>\n\t<meta name=\"twitter:data2\" content=\"4 minutos\" \/>\n<script type=\"application\/ld+json\" class=\"yoast-schema-graph\">{\"@context\":\"https:\\\/\\\/schema.org\",\"@graph\":[{\"@type\":\"Article\",\"@id\":\"https:\\\/\\\/www.tekniagroup.com\\\/es\\\/teknia-aumenta-su-facturacion-en-el-primer-semestre-pese-a-la-caida-del-mercado\\\/#article\",\"isPartOf\":{\"@id\":\"https:\\\/\\\/www.tekniagroup.com\\\/es\\\/teknia-aumenta-su-facturacion-en-el-primer-semestre-pese-a-la-caida-del-mercado\\\/\"},\"author\":{\"name\":\"wetpaint_\",\"@id\":\"https:\\\/\\\/www.tekniagroup.com\\\/es\\\/#\\\/schema\\\/person\\\/4fe9485ca6666f6696a13f138a7a2f74\"},\"headline\":\"Teknia aumenta su facturaci\u00f3n en el primer semestre pese a la ca\u00edda del mercado\",\"datePublished\":\"2022-07-29T09:51:27+00:00\",\"dateModified\":\"2025-01-07T16:15:43+00:00\",\"mainEntityOfPage\":{\"@id\":\"https:\\\/\\\/www.tekniagroup.com\\\/es\\\/teknia-aumenta-su-facturacion-en-el-primer-semestre-pese-a-la-caida-del-mercado\\\/\"},\"wordCount\":599,\"image\":{\"@id\":\"https:\\\/\\\/www.tekniagroup.com\\\/es\\\/teknia-aumenta-su-facturacion-en-el-primer-semestre-pese-a-la-caida-del-mercado\\\/#primaryimage\"},\"thumbnailUrl\":\"https:\\\/\\\/www.tekniagroup.com\\\/wp-content\\\/uploads\\\/2022\\\/07\\\/20220729_teknia-bilbao_fabrica.jpg\",\"articleSection\":[\"Noticias\"],\"inLanguage\":\"es\"},{\"@type\":\"WebPage\",\"@id\":\"https:\\\/\\\/www.tekniagroup.com\\\/es\\\/teknia-aumenta-su-facturacion-en-el-primer-semestre-pese-a-la-caida-del-mercado\\\/\",\"url\":\"https:\\\/\\\/www.tekniagroup.com\\\/es\\\/teknia-aumenta-su-facturacion-en-el-primer-semestre-pese-a-la-caida-del-mercado\\\/\",\"name\":\"Teknia aumenta su facturaci\u00f3n en el primer semestre pese a la ca\u00edda del mercado - Teknia\",\"isPartOf\":{\"@id\":\"https:\\\/\\\/www.tekniagroup.com\\\/es\\\/#website\"},\"primaryImageOfPage\":{\"@id\":\"https:\\\/\\\/www.tekniagroup.com\\\/es\\\/teknia-aumenta-su-facturacion-en-el-primer-semestre-pese-a-la-caida-del-mercado\\\/#primaryimage\"},\"image\":{\"@id\":\"https:\\\/\\\/www.tekniagroup.com\\\/es\\\/teknia-aumenta-su-facturacion-en-el-primer-semestre-pese-a-la-caida-del-mercado\\\/#primaryimage\"},\"thumbnailUrl\":\"https:\\\/\\\/www.tekniagroup.com\\\/wp-content\\\/uploads\\\/2022\\\/07\\\/20220729_teknia-bilbao_fabrica.jpg\",\"datePublished\":\"2022-07-29T09:51:27+00:00\",\"dateModified\":\"2025-01-07T16:15:43+00:00\",\"author\":{\"@id\":\"https:\\\/\\\/www.tekniagroup.com\\\/es\\\/#\\\/schema\\\/person\\\/4fe9485ca6666f6696a13f138a7a2f74\"},\"breadcrumb\":{\"@id\":\"https:\\\/\\\/www.tekniagroup.com\\\/es\\\/teknia-aumenta-su-facturacion-en-el-primer-semestre-pese-a-la-caida-del-mercado\\\/#breadcrumb\"},\"inLanguage\":\"es\",\"potentialAction\":[{\"@type\":\"ReadAction\",\"target\":[\"https:\\\/\\\/www.tekniagroup.com\\\/es\\\/teknia-aumenta-su-facturacion-en-el-primer-semestre-pese-a-la-caida-del-mercado\\\/\"]}]},{\"@type\":\"ImageObject\",\"inLanguage\":\"es\",\"@id\":\"https:\\\/\\\/www.tekniagroup.com\\\/es\\\/teknia-aumenta-su-facturacion-en-el-primer-semestre-pese-a-la-caida-del-mercado\\\/#primaryimage\",\"url\":\"https:\\\/\\\/www.tekniagroup.com\\\/wp-content\\\/uploads\\\/2022\\\/07\\\/20220729_teknia-bilbao_fabrica.jpg\",\"contentUrl\":\"https:\\\/\\\/www.tekniagroup.com\\\/wp-content\\\/uploads\\\/2022\\\/07\\\/20220729_teknia-bilbao_fabrica.jpg\",\"width\":1920,\"height\":1080},{\"@type\":\"BreadcrumbList\",\"@id\":\"https:\\\/\\\/www.tekniagroup.com\\\/es\\\/teknia-aumenta-su-facturacion-en-el-primer-semestre-pese-a-la-caida-del-mercado\\\/#breadcrumb\",\"itemListElement\":[{\"@type\":\"ListItem\",\"position\":1,\"name\":\"Home\",\"item\":\"https:\\\/\\\/www.tekniagroup.com\\\/es\\\/\"},{\"@type\":\"ListItem\",\"position\":2,\"name\":\"Teknia aumenta su facturaci\u00f3n en el primer semestre pese a la ca\u00edda del mercado\"}]},{\"@type\":\"WebSite\",\"@id\":\"https:\\\/\\\/www.tekniagroup.com\\\/es\\\/#website\",\"url\":\"https:\\\/\\\/www.tekniagroup.com\\\/es\\\/\",\"name\":\"Teknia\",\"description\":\"Your manufacturing partner for mobility\",\"potentialAction\":[{\"@type\":\"SearchAction\",\"target\":{\"@type\":\"EntryPoint\",\"urlTemplate\":\"https:\\\/\\\/www.tekniagroup.com\\\/es\\\/?s={search_term_string}\"},\"query-input\":{\"@type\":\"PropertyValueSpecification\",\"valueRequired\":true,\"valueName\":\"search_term_string\"}}],\"inLanguage\":\"es\"},{\"@type\":\"Person\",\"@id\":\"https:\\\/\\\/www.tekniagroup.com\\\/es\\\/#\\\/schema\\\/person\\\/4fe9485ca6666f6696a13f138a7a2f74\",\"name\":\"wetpaint_\",\"image\":{\"@type\":\"ImageObject\",\"inLanguage\":\"es\",\"@id\":\"https:\\\/\\\/secure.gravatar.com\\\/avatar\\\/7352c5d45c5d201fb158e1faf7017c2c3ca21176feb4f0dc6f6b165b49bdc8ac?s=96&d=mm&r=g\",\"url\":\"https:\\\/\\\/secure.gravatar.com\\\/avatar\\\/7352c5d45c5d201fb158e1faf7017c2c3ca21176feb4f0dc6f6b165b49bdc8ac?s=96&d=mm&r=g\",\"contentUrl\":\"https:\\\/\\\/secure.gravatar.com\\\/avatar\\\/7352c5d45c5d201fb158e1faf7017c2c3ca21176feb4f0dc6f6b165b49bdc8ac?s=96&d=mm&r=g\",\"caption\":\"wetpaint_\"},\"sameAs\":[\"http:\\\/\\\/vision.wetpaint.es\"],\"url\":\"https:\\\/\\\/www.tekniagroup.com\\\/es\\\/author\\\/wetpaint_\\\/\"}]}<\/script>\n<!-- \/ Yoast SEO plugin. -->","yoast_head_json":{"title":"Teknia aumenta su facturaci\u00f3n en el primer semestre pese a la ca\u00edda del mercado - Teknia","robots":{"index":"index","follow":"follow","max-snippet":"max-snippet:-1","max-image-preview":"max-image-preview:large","max-video-preview":"max-video-preview:-1"},"canonical":"https:\/\/www.tekniagroup.com\/es\/teknia-aumenta-su-facturacion-en-el-primer-semestre-pese-a-la-caida-del-mercado\/","og_locale":"es_ES","og_type":"article","og_title":"Teknia aumenta su facturaci\u00f3n en el primer semestre pese a la ca\u00edda del mercado - Teknia","og_description":"La compa\u00f1\u00eda factur\u00f3 178 millones de euros y consigue amortiguar parcialmente el impacto de la subida de precios de materias primas y energ\u00eda En un entorno complejo el Grupo mantiene un endeudamiento contenido que asegura la estabilidad y los planes de la compa\u00f1\u00eda para los pr\u00f3ximos a\u00f1os Teknia ha integrado recientemente con \u00e9xito una nueva...","og_url":"https:\/\/www.tekniagroup.com\/es\/teknia-aumenta-su-facturacion-en-el-primer-semestre-pese-a-la-caida-del-mercado\/","og_site_name":"Teknia","article_published_time":"2022-07-29T09:51:27+00:00","article_modified_time":"2025-01-07T16:15:43+00:00","og_image":[{"width":1920,"height":1080,"url":"https:\/\/www.tekniagroup.com\/wp-content\/uploads\/2022\/07\/20220729_teknia-bilbao_fabrica.jpg","type":"image\/jpeg"}],"author":"wetpaint_","twitter_card":"summary_large_image","twitter_misc":{"Escrito por":"wetpaint_","Tiempo de lectura":"4 minutos"},"schema":{"@context":"https:\/\/schema.org","@graph":[{"@type":"Article","@id":"https:\/\/www.tekniagroup.com\/es\/teknia-aumenta-su-facturacion-en-el-primer-semestre-pese-a-la-caida-del-mercado\/#article","isPartOf":{"@id":"https:\/\/www.tekniagroup.com\/es\/teknia-aumenta-su-facturacion-en-el-primer-semestre-pese-a-la-caida-del-mercado\/"},"author":{"name":"wetpaint_","@id":"https:\/\/www.tekniagroup.com\/es\/#\/schema\/person\/4fe9485ca6666f6696a13f138a7a2f74"},"headline":"Teknia aumenta su facturaci\u00f3n en el primer semestre pese a la ca\u00edda del mercado","datePublished":"2022-07-29T09:51:27+00:00","dateModified":"2025-01-07T16:15:43+00:00","mainEntityOfPage":{"@id":"https:\/\/www.tekniagroup.com\/es\/teknia-aumenta-su-facturacion-en-el-primer-semestre-pese-a-la-caida-del-mercado\/"},"wordCount":599,"image":{"@id":"https:\/\/www.tekniagroup.com\/es\/teknia-aumenta-su-facturacion-en-el-primer-semestre-pese-a-la-caida-del-mercado\/#primaryimage"},"thumbnailUrl":"https:\/\/www.tekniagroup.com\/wp-content\/uploads\/2022\/07\/20220729_teknia-bilbao_fabrica.jpg","articleSection":["Noticias"],"inLanguage":"es"},{"@type":"WebPage","@id":"https:\/\/www.tekniagroup.com\/es\/teknia-aumenta-su-facturacion-en-el-primer-semestre-pese-a-la-caida-del-mercado\/","url":"https:\/\/www.tekniagroup.com\/es\/teknia-aumenta-su-facturacion-en-el-primer-semestre-pese-a-la-caida-del-mercado\/","name":"Teknia aumenta su facturaci\u00f3n en el primer semestre pese a la ca\u00edda del mercado - Teknia","isPartOf":{"@id":"https:\/\/www.tekniagroup.com\/es\/#website"},"primaryImageOfPage":{"@id":"https:\/\/www.tekniagroup.com\/es\/teknia-aumenta-su-facturacion-en-el-primer-semestre-pese-a-la-caida-del-mercado\/#primaryimage"},"image":{"@id":"https:\/\/www.tekniagroup.com\/es\/teknia-aumenta-su-facturacion-en-el-primer-semestre-pese-a-la-caida-del-mercado\/#primaryimage"},"thumbnailUrl":"https:\/\/www.tekniagroup.com\/wp-content\/uploads\/2022\/07\/20220729_teknia-bilbao_fabrica.jpg","datePublished":"2022-07-29T09:51:27+00:00","dateModified":"2025-01-07T16:15:43+00:00","author":{"@id":"https:\/\/www.tekniagroup.com\/es\/#\/schema\/person\/4fe9485ca6666f6696a13f138a7a2f74"},"breadcrumb":{"@id":"https:\/\/www.tekniagroup.com\/es\/teknia-aumenta-su-facturacion-en-el-primer-semestre-pese-a-la-caida-del-mercado\/#breadcrumb"},"inLanguage":"es","potentialAction":[{"@type":"ReadAction","target":["https:\/\/www.tekniagroup.com\/es\/teknia-aumenta-su-facturacion-en-el-primer-semestre-pese-a-la-caida-del-mercado\/"]}]},{"@type":"ImageObject","inLanguage":"es","@id":"https:\/\/www.tekniagroup.com\/es\/teknia-aumenta-su-facturacion-en-el-primer-semestre-pese-a-la-caida-del-mercado\/#primaryimage","url":"https:\/\/www.tekniagroup.com\/wp-content\/uploads\/2022\/07\/20220729_teknia-bilbao_fabrica.jpg","contentUrl":"https:\/\/www.tekniagroup.com\/wp-content\/uploads\/2022\/07\/20220729_teknia-bilbao_fabrica.jpg","width":1920,"height":1080},{"@type":"BreadcrumbList","@id":"https:\/\/www.tekniagroup.com\/es\/teknia-aumenta-su-facturacion-en-el-primer-semestre-pese-a-la-caida-del-mercado\/#breadcrumb","itemListElement":[{"@type":"ListItem","position":1,"name":"Home","item":"https:\/\/www.tekniagroup.com\/es\/"},{"@type":"ListItem","position":2,"name":"Teknia aumenta su facturaci\u00f3n en el primer semestre pese a la ca\u00edda del mercado"}]},{"@type":"WebSite","@id":"https:\/\/www.tekniagroup.com\/es\/#website","url":"https:\/\/www.tekniagroup.com\/es\/","name":"Teknia","description":"Your manufacturing partner for mobility","potentialAction":[{"@type":"SearchAction","target":{"@type":"EntryPoint","urlTemplate":"https:\/\/www.tekniagroup.com\/es\/?s={search_term_string}"},"query-input":{"@type":"PropertyValueSpecification","valueRequired":true,"valueName":"search_term_string"}}],"inLanguage":"es"},{"@type":"Person","@id":"https:\/\/www.tekniagroup.com\/es\/#\/schema\/person\/4fe9485ca6666f6696a13f138a7a2f74","name":"wetpaint_","image":{"@type":"ImageObject","inLanguage":"es","@id":"https:\/\/secure.gravatar.com\/avatar\/7352c5d45c5d201fb158e1faf7017c2c3ca21176feb4f0dc6f6b165b49bdc8ac?s=96&d=mm&r=g","url":"https:\/\/secure.gravatar.com\/avatar\/7352c5d45c5d201fb158e1faf7017c2c3ca21176feb4f0dc6f6b165b49bdc8ac?s=96&d=mm&r=g","contentUrl":"https:\/\/secure.gravatar.com\/avatar\/7352c5d45c5d201fb158e1faf7017c2c3ca21176feb4f0dc6f6b165b49bdc8ac?s=96&d=mm&r=g","caption":"wetpaint_"},"sameAs":["http:\/\/vision.wetpaint.es"],"url":"https:\/\/www.tekniagroup.com\/es\/author\/wetpaint_\/"}]}},"_links":{"self":[{"href":"https:\/\/www.tekniagroup.com\/es\/wp-json\/wp\/v2\/posts\/2279","targetHints":{"allow":["GET"]}}],"collection":[{"href":"https:\/\/www.tekniagroup.com\/es\/wp-json\/wp\/v2\/posts"}],"about":[{"href":"https:\/\/www.tekniagroup.com\/es\/wp-json\/wp\/v2\/types\/post"}],"author":[{"embeddable":true,"href":"https:\/\/www.tekniagroup.com\/es\/wp-json\/wp\/v2\/users\/1"}],"replies":[{"embeddable":true,"href":"https:\/\/www.tekniagroup.com\/es\/wp-json\/wp\/v2\/comments?post=2279"}],"version-history":[{"count":2,"href":"https:\/\/www.tekniagroup.com\/es\/wp-json\/wp\/v2\/posts\/2279\/revisions"}],"predecessor-version":[{"id":11747,"href":"https:\/\/www.tekniagroup.com\/es\/wp-json\/wp\/v2\/posts\/2279\/revisions\/11747"}],"wp:featuredmedia":[{"embeddable":true,"href":"https:\/\/www.tekniagroup.com\/es\/wp-json\/wp\/v2\/media\/2556"}],"wp:attachment":[{"href":"https:\/\/www.tekniagroup.com\/es\/wp-json\/wp\/v2\/media?parent=2279"}],"wp:term":[{"taxonomy":"category","embeddable":true,"href":"https:\/\/www.tekniagroup.com\/es\/wp-json\/wp\/v2\/categories?post=2279"},{"taxonomy":"post_tag","embeddable":true,"href":"https:\/\/www.tekniagroup.com\/es\/wp-json\/wp\/v2\/tags?post=2279"}],"curies":[{"name":"wp","href":"https:\/\/api.w.org\/{rel}","templated":true}]}}