{"id":2272,"date":"2022-03-21T11:48:09","date_gmt":"2022-03-21T09:48:09","guid":{"rendered":"https:\/\/www.tekniagroup.com\/teknia-nombra-director-general-a-javier-quesada-de-luis\/"},"modified":"2025-01-07T18:13:02","modified_gmt":"2025-01-07T16:13:02","slug":"teknia-nombra-director-general-a-javier-quesada-de-luis","status":"publish","type":"post","link":"https:\/\/www.tekniagroup.com\/es\/teknia-nombra-director-general-a-javier-quesada-de-luis\/","title":{"rendered":"Teknia nombra director general a  Javier Quesada de Luis"},"content":{"rendered":"<ul>\n<li>Javier Quesada de Luis se incorpor\u00f3 a Teknia en 2007 y cuenta con amplios conocimientos del Grupo y del sector que le permiten liderar y guiar a la compa\u00f1\u00eda ante el nuevo escenario de la movilidad<\/li>\n<li>La compa\u00f1\u00eda busca aprovechar todas las oportunidades que se presentan de cara a los pr\u00f3ximos a\u00f1os y seguir siendo un socio preferente de fabricaci\u00f3n de soluciones multi tecnol\u00f3gicas para sus clientes<\/li>\n<\/ul>\n<p>Teknia, el grupo multinacional espa\u00f1ol especializado en la fabricaci\u00f3n de componentes de metal y pl\u00e1stico para soluciones de movilidad utilizando una amplia gama de tecnolog\u00edas, nombra a Javier Quesada de Luis como nuevo director general de la compa\u00f1\u00eda. El nombramiento ha sido ratificado por el Consejo de Administraci\u00f3n de Teknia.<\/p>\n<p>El cambio se produce en estos momentos para que la compa\u00f1\u00eda afronte de la mejor manera posible la desafiante situaci\u00f3n del mercado actual a la vez que para aprovechar las oportunidades que se presentan para el Grupo en todos los mercados en los que opera. Para esa tarea, Quesada de Luis liderar\u00e1 al equipo directivo en los diferentes \u00e1mbitos de gesti\u00f3n y estrategia de la compa\u00f1\u00eda con un foco muy claro en posicionar a Teknia como un fabricante multi tecnol\u00f3gico de primer nivel para la movilidad.<\/p>\n<p>Javier Quesada de Luis (Bilbao, 1982) ha desarrollado toda su carrera en la compa\u00f1\u00eda familiar Teknia, donde se incorpor\u00f3 en 2007. En este tiempo ha ocupado diferentes responsabilidades, como la puesta en marcha de las oficinas de Teknia en dos mercados clave, Alemania y Estados Unidos, la Direcci\u00f3n Comercial de Pl\u00e1stico, y por \u00faltimo la Direcci\u00f3n Comercial del Grupo, puesto que ha ostentado desde 2017.<\/p>\n<h3><strong>Capacidad de gesti\u00f3n y amplio conocimiento del Grupo y del sector<\/strong><\/h3>\n<p>El presidente y consejero delegado de Teknia, Javier Lazpita, ha explicado: \u201cJavier ha demostrado en los 15 a\u00f1os que lleva en Teknia, a trav\u00e9s de su paso por los distintos departamentos del Grupo y su experiencia internacional, su capacidad para liderar la gesti\u00f3n diaria de la compa\u00f1\u00eda. Estoy seguro de que ser\u00e1 un pilar fundamental para aglutinar al equipo y hacerlo con ambici\u00f3n hacia nuestro crecimiento futuro\u201d.<\/p>\n<p>El nuevo director general de Teknia, Javier Quesada de Luis, ha se\u00f1alado: \u201cEstoy muy ilusionado por liderar el proyecto familiar que mi padre puso en marcha hace 30 a\u00f1os y dar continuidad a los valores que nos han llevado hasta el d\u00eda de hoy que son la se\u00f1a de identidad de esta empresa y que mi padre instaur\u00f3 desde sus inicios. El paso que doy y que el Consejo me ha encomendado supone continuar la senda que ha marcado mi familia desde la fundaci\u00f3n del Grupo, el crecimiento y la generaci\u00f3n de valor a largo plazo. Trabajar\u00e9 con todo mi esfuerzo para enfocar los retos a los que el sector se enfrenta y los que Teknia, como fabricante de primer nivel para la movilidad, no es ajeno\u201d.<\/p>\n","protected":false},"excerpt":{"rendered":"Javier Quesada de Luis se incorpor\u00f3 a Teknia en 2007 y cuenta con amplios conocimientos del Grupo y del sector que le permiten liderar y guiar a la compa\u00f1\u00eda ante el nuevo escenario de la movilidad La compa\u00f1\u00eda busca aprovechar todas las oportunidades que se presentan de cara a los pr\u00f3ximos a\u00f1os y seguir siendo&#8230;","protected":false},"author":1,"featured_media":2553,"comment_status":"closed","ping_status":"closed","sticky":false,"template":"","format":"standard","meta":{"_acf_changed":false,"om_disable_all_campaigns":false,"inline_featured_image":false,"footnotes":""},"categories":[22],"tags":[],"class_list":["post-2272","post","type-post","status-publish","format-standard","has-post-thumbnail","hentry","category-noticias"],"acf":[],"yoast_head":"<!-- This site is optimized with the Yoast SEO plugin v27.3 - https:\/\/yoast.com\/product\/yoast-seo-wordpress\/ -->\n<title>Teknia nombra director general a Javier Quesada de Luis - Teknia<\/title>\n<meta name=\"robots\" content=\"index, follow, max-snippet:-1, max-image-preview:large, max-video-preview:-1\" \/>\n<link rel=\"canonical\" href=\"https:\/\/www.tekniagroup.com\/es\/teknia-nombra-director-general-a-javier-quesada-de-luis\/\" \/>\n<meta property=\"og:locale\" content=\"es_ES\" \/>\n<meta property=\"og:type\" content=\"article\" \/>\n<meta property=\"og:title\" content=\"Teknia nombra director general a Javier Quesada de Luis - Teknia\" \/>\n<meta property=\"og:description\" content=\"Javier Quesada de Luis se incorpor\u00f3 a Teknia en 2007 y cuenta con amplios conocimientos del Grupo y del sector que le permiten liderar y guiar a la compa\u00f1\u00eda ante el nuevo escenario de la movilidad La compa\u00f1\u00eda busca aprovechar todas las oportunidades que se presentan de cara a los pr\u00f3ximos a\u00f1os y seguir siendo...\" \/>\n<meta property=\"og:url\" content=\"https:\/\/www.tekniagroup.com\/es\/teknia-nombra-director-general-a-javier-quesada-de-luis\/\" \/>\n<meta property=\"og:site_name\" content=\"Teknia\" \/>\n<meta property=\"article:published_time\" content=\"2022-03-21T09:48:09+00:00\" \/>\n<meta property=\"article:modified_time\" content=\"2025-01-07T16:13:02+00:00\" \/>\n<meta property=\"og:image\" content=\"https:\/\/www.tekniagroup.com\/wp-content\/uploads\/2023\/04\/20220321_javier-quesada-de-luis.jpg\" \/>\n\t<meta property=\"og:image:width\" content=\"1920\" \/>\n\t<meta property=\"og:image:height\" content=\"1080\" \/>\n\t<meta property=\"og:image:type\" content=\"image\/jpeg\" \/>\n<meta name=\"author\" content=\"wetpaint_\" \/>\n<meta name=\"twitter:card\" content=\"summary_large_image\" \/>\n<meta name=\"twitter:label1\" content=\"Escrito por\" \/>\n\t<meta name=\"twitter:data1\" content=\"wetpaint_\" \/>\n\t<meta name=\"twitter:label2\" content=\"Tiempo de lectura\" \/>\n\t<meta name=\"twitter:data2\" content=\"3 minutos\" \/>\n<script type=\"application\/ld+json\" class=\"yoast-schema-graph\">{\"@context\":\"https:\\\/\\\/schema.org\",\"@graph\":[{\"@type\":\"Article\",\"@id\":\"https:\\\/\\\/www.tekniagroup.com\\\/es\\\/teknia-nombra-director-general-a-javier-quesada-de-luis\\\/#article\",\"isPartOf\":{\"@id\":\"https:\\\/\\\/www.tekniagroup.com\\\/es\\\/teknia-nombra-director-general-a-javier-quesada-de-luis\\\/\"},\"author\":{\"name\":\"wetpaint_\",\"@id\":\"https:\\\/\\\/www.tekniagroup.com\\\/es\\\/#\\\/schema\\\/person\\\/4fe9485ca6666f6696a13f138a7a2f74\"},\"headline\":\"Teknia nombra director general a Javier Quesada de Luis\",\"datePublished\":\"2022-03-21T09:48:09+00:00\",\"dateModified\":\"2025-01-07T16:13:02+00:00\",\"mainEntityOfPage\":{\"@id\":\"https:\\\/\\\/www.tekniagroup.com\\\/es\\\/teknia-nombra-director-general-a-javier-quesada-de-luis\\\/\"},\"wordCount\":509,\"image\":{\"@id\":\"https:\\\/\\\/www.tekniagroup.com\\\/es\\\/teknia-nombra-director-general-a-javier-quesada-de-luis\\\/#primaryimage\"},\"thumbnailUrl\":\"https:\\\/\\\/www.tekniagroup.com\\\/wp-content\\\/uploads\\\/2023\\\/04\\\/20220321_javier-quesada-de-luis.jpg\",\"articleSection\":[\"Noticias\"],\"inLanguage\":\"es\"},{\"@type\":\"WebPage\",\"@id\":\"https:\\\/\\\/www.tekniagroup.com\\\/es\\\/teknia-nombra-director-general-a-javier-quesada-de-luis\\\/\",\"url\":\"https:\\\/\\\/www.tekniagroup.com\\\/es\\\/teknia-nombra-director-general-a-javier-quesada-de-luis\\\/\",\"name\":\"Teknia nombra director general a Javier Quesada de Luis - Teknia\",\"isPartOf\":{\"@id\":\"https:\\\/\\\/www.tekniagroup.com\\\/es\\\/#website\"},\"primaryImageOfPage\":{\"@id\":\"https:\\\/\\\/www.tekniagroup.com\\\/es\\\/teknia-nombra-director-general-a-javier-quesada-de-luis\\\/#primaryimage\"},\"image\":{\"@id\":\"https:\\\/\\\/www.tekniagroup.com\\\/es\\\/teknia-nombra-director-general-a-javier-quesada-de-luis\\\/#primaryimage\"},\"thumbnailUrl\":\"https:\\\/\\\/www.tekniagroup.com\\\/wp-content\\\/uploads\\\/2023\\\/04\\\/20220321_javier-quesada-de-luis.jpg\",\"datePublished\":\"2022-03-21T09:48:09+00:00\",\"dateModified\":\"2025-01-07T16:13:02+00:00\",\"author\":{\"@id\":\"https:\\\/\\\/www.tekniagroup.com\\\/es\\\/#\\\/schema\\\/person\\\/4fe9485ca6666f6696a13f138a7a2f74\"},\"breadcrumb\":{\"@id\":\"https:\\\/\\\/www.tekniagroup.com\\\/es\\\/teknia-nombra-director-general-a-javier-quesada-de-luis\\\/#breadcrumb\"},\"inLanguage\":\"es\",\"potentialAction\":[{\"@type\":\"ReadAction\",\"target\":[\"https:\\\/\\\/www.tekniagroup.com\\\/es\\\/teknia-nombra-director-general-a-javier-quesada-de-luis\\\/\"]}]},{\"@type\":\"ImageObject\",\"inLanguage\":\"es\",\"@id\":\"https:\\\/\\\/www.tekniagroup.com\\\/es\\\/teknia-nombra-director-general-a-javier-quesada-de-luis\\\/#primaryimage\",\"url\":\"https:\\\/\\\/www.tekniagroup.com\\\/wp-content\\\/uploads\\\/2023\\\/04\\\/20220321_javier-quesada-de-luis.jpg\",\"contentUrl\":\"https:\\\/\\\/www.tekniagroup.com\\\/wp-content\\\/uploads\\\/2023\\\/04\\\/20220321_javier-quesada-de-luis.jpg\",\"width\":1920,\"height\":1080},{\"@type\":\"BreadcrumbList\",\"@id\":\"https:\\\/\\\/www.tekniagroup.com\\\/es\\\/teknia-nombra-director-general-a-javier-quesada-de-luis\\\/#breadcrumb\",\"itemListElement\":[{\"@type\":\"ListItem\",\"position\":1,\"name\":\"Home\",\"item\":\"https:\\\/\\\/www.tekniagroup.com\\\/es\\\/\"},{\"@type\":\"ListItem\",\"position\":2,\"name\":\"Teknia nombra director general a Javier Quesada de Luis\"}]},{\"@type\":\"WebSite\",\"@id\":\"https:\\\/\\\/www.tekniagroup.com\\\/es\\\/#website\",\"url\":\"https:\\\/\\\/www.tekniagroup.com\\\/es\\\/\",\"name\":\"Teknia\",\"description\":\"Your manufacturing partner for mobility\",\"potentialAction\":[{\"@type\":\"SearchAction\",\"target\":{\"@type\":\"EntryPoint\",\"urlTemplate\":\"https:\\\/\\\/www.tekniagroup.com\\\/es\\\/?s={search_term_string}\"},\"query-input\":{\"@type\":\"PropertyValueSpecification\",\"valueRequired\":true,\"valueName\":\"search_term_string\"}}],\"inLanguage\":\"es\"},{\"@type\":\"Person\",\"@id\":\"https:\\\/\\\/www.tekniagroup.com\\\/es\\\/#\\\/schema\\\/person\\\/4fe9485ca6666f6696a13f138a7a2f74\",\"name\":\"wetpaint_\",\"image\":{\"@type\":\"ImageObject\",\"inLanguage\":\"es\",\"@id\":\"https:\\\/\\\/secure.gravatar.com\\\/avatar\\\/7352c5d45c5d201fb158e1faf7017c2c3ca21176feb4f0dc6f6b165b49bdc8ac?s=96&d=mm&r=g\",\"url\":\"https:\\\/\\\/secure.gravatar.com\\\/avatar\\\/7352c5d45c5d201fb158e1faf7017c2c3ca21176feb4f0dc6f6b165b49bdc8ac?s=96&d=mm&r=g\",\"contentUrl\":\"https:\\\/\\\/secure.gravatar.com\\\/avatar\\\/7352c5d45c5d201fb158e1faf7017c2c3ca21176feb4f0dc6f6b165b49bdc8ac?s=96&d=mm&r=g\",\"caption\":\"wetpaint_\"},\"sameAs\":[\"http:\\\/\\\/vision.wetpaint.es\"],\"url\":\"https:\\\/\\\/www.tekniagroup.com\\\/es\\\/author\\\/wetpaint_\\\/\"}]}<\/script>\n<!-- \/ Yoast SEO plugin. -->","yoast_head_json":{"title":"Teknia nombra director general a Javier Quesada de Luis - Teknia","robots":{"index":"index","follow":"follow","max-snippet":"max-snippet:-1","max-image-preview":"max-image-preview:large","max-video-preview":"max-video-preview:-1"},"canonical":"https:\/\/www.tekniagroup.com\/es\/teknia-nombra-director-general-a-javier-quesada-de-luis\/","og_locale":"es_ES","og_type":"article","og_title":"Teknia nombra director general a Javier Quesada de Luis - Teknia","og_description":"Javier Quesada de Luis se incorpor\u00f3 a Teknia en 2007 y cuenta con amplios conocimientos del Grupo y del sector que le permiten liderar y guiar a la compa\u00f1\u00eda ante el nuevo escenario de la movilidad La compa\u00f1\u00eda busca aprovechar todas las oportunidades que se presentan de cara a los pr\u00f3ximos a\u00f1os y seguir siendo...","og_url":"https:\/\/www.tekniagroup.com\/es\/teknia-nombra-director-general-a-javier-quesada-de-luis\/","og_site_name":"Teknia","article_published_time":"2022-03-21T09:48:09+00:00","article_modified_time":"2025-01-07T16:13:02+00:00","og_image":[{"width":1920,"height":1080,"url":"https:\/\/www.tekniagroup.com\/wp-content\/uploads\/2023\/04\/20220321_javier-quesada-de-luis.jpg","type":"image\/jpeg"}],"author":"wetpaint_","twitter_card":"summary_large_image","twitter_misc":{"Escrito por":"wetpaint_","Tiempo de lectura":"3 minutos"},"schema":{"@context":"https:\/\/schema.org","@graph":[{"@type":"Article","@id":"https:\/\/www.tekniagroup.com\/es\/teknia-nombra-director-general-a-javier-quesada-de-luis\/#article","isPartOf":{"@id":"https:\/\/www.tekniagroup.com\/es\/teknia-nombra-director-general-a-javier-quesada-de-luis\/"},"author":{"name":"wetpaint_","@id":"https:\/\/www.tekniagroup.com\/es\/#\/schema\/person\/4fe9485ca6666f6696a13f138a7a2f74"},"headline":"Teknia nombra director general a Javier Quesada de Luis","datePublished":"2022-03-21T09:48:09+00:00","dateModified":"2025-01-07T16:13:02+00:00","mainEntityOfPage":{"@id":"https:\/\/www.tekniagroup.com\/es\/teknia-nombra-director-general-a-javier-quesada-de-luis\/"},"wordCount":509,"image":{"@id":"https:\/\/www.tekniagroup.com\/es\/teknia-nombra-director-general-a-javier-quesada-de-luis\/#primaryimage"},"thumbnailUrl":"https:\/\/www.tekniagroup.com\/wp-content\/uploads\/2023\/04\/20220321_javier-quesada-de-luis.jpg","articleSection":["Noticias"],"inLanguage":"es"},{"@type":"WebPage","@id":"https:\/\/www.tekniagroup.com\/es\/teknia-nombra-director-general-a-javier-quesada-de-luis\/","url":"https:\/\/www.tekniagroup.com\/es\/teknia-nombra-director-general-a-javier-quesada-de-luis\/","name":"Teknia nombra director general a Javier Quesada de Luis - Teknia","isPartOf":{"@id":"https:\/\/www.tekniagroup.com\/es\/#website"},"primaryImageOfPage":{"@id":"https:\/\/www.tekniagroup.com\/es\/teknia-nombra-director-general-a-javier-quesada-de-luis\/#primaryimage"},"image":{"@id":"https:\/\/www.tekniagroup.com\/es\/teknia-nombra-director-general-a-javier-quesada-de-luis\/#primaryimage"},"thumbnailUrl":"https:\/\/www.tekniagroup.com\/wp-content\/uploads\/2023\/04\/20220321_javier-quesada-de-luis.jpg","datePublished":"2022-03-21T09:48:09+00:00","dateModified":"2025-01-07T16:13:02+00:00","author":{"@id":"https:\/\/www.tekniagroup.com\/es\/#\/schema\/person\/4fe9485ca6666f6696a13f138a7a2f74"},"breadcrumb":{"@id":"https:\/\/www.tekniagroup.com\/es\/teknia-nombra-director-general-a-javier-quesada-de-luis\/#breadcrumb"},"inLanguage":"es","potentialAction":[{"@type":"ReadAction","target":["https:\/\/www.tekniagroup.com\/es\/teknia-nombra-director-general-a-javier-quesada-de-luis\/"]}]},{"@type":"ImageObject","inLanguage":"es","@id":"https:\/\/www.tekniagroup.com\/es\/teknia-nombra-director-general-a-javier-quesada-de-luis\/#primaryimage","url":"https:\/\/www.tekniagroup.com\/wp-content\/uploads\/2023\/04\/20220321_javier-quesada-de-luis.jpg","contentUrl":"https:\/\/www.tekniagroup.com\/wp-content\/uploads\/2023\/04\/20220321_javier-quesada-de-luis.jpg","width":1920,"height":1080},{"@type":"BreadcrumbList","@id":"https:\/\/www.tekniagroup.com\/es\/teknia-nombra-director-general-a-javier-quesada-de-luis\/#breadcrumb","itemListElement":[{"@type":"ListItem","position":1,"name":"Home","item":"https:\/\/www.tekniagroup.com\/es\/"},{"@type":"ListItem","position":2,"name":"Teknia nombra director general a Javier Quesada de Luis"}]},{"@type":"WebSite","@id":"https:\/\/www.tekniagroup.com\/es\/#website","url":"https:\/\/www.tekniagroup.com\/es\/","name":"Teknia","description":"Your manufacturing partner for mobility","potentialAction":[{"@type":"SearchAction","target":{"@type":"EntryPoint","urlTemplate":"https:\/\/www.tekniagroup.com\/es\/?s={search_term_string}"},"query-input":{"@type":"PropertyValueSpecification","valueRequired":true,"valueName":"search_term_string"}}],"inLanguage":"es"},{"@type":"Person","@id":"https:\/\/www.tekniagroup.com\/es\/#\/schema\/person\/4fe9485ca6666f6696a13f138a7a2f74","name":"wetpaint_","image":{"@type":"ImageObject","inLanguage":"es","@id":"https:\/\/secure.gravatar.com\/avatar\/7352c5d45c5d201fb158e1faf7017c2c3ca21176feb4f0dc6f6b165b49bdc8ac?s=96&d=mm&r=g","url":"https:\/\/secure.gravatar.com\/avatar\/7352c5d45c5d201fb158e1faf7017c2c3ca21176feb4f0dc6f6b165b49bdc8ac?s=96&d=mm&r=g","contentUrl":"https:\/\/secure.gravatar.com\/avatar\/7352c5d45c5d201fb158e1faf7017c2c3ca21176feb4f0dc6f6b165b49bdc8ac?s=96&d=mm&r=g","caption":"wetpaint_"},"sameAs":["http:\/\/vision.wetpaint.es"],"url":"https:\/\/www.tekniagroup.com\/es\/author\/wetpaint_\/"}]}},"_links":{"self":[{"href":"https:\/\/www.tekniagroup.com\/es\/wp-json\/wp\/v2\/posts\/2272","targetHints":{"allow":["GET"]}}],"collection":[{"href":"https:\/\/www.tekniagroup.com\/es\/wp-json\/wp\/v2\/posts"}],"about":[{"href":"https:\/\/www.tekniagroup.com\/es\/wp-json\/wp\/v2\/types\/post"}],"author":[{"embeddable":true,"href":"https:\/\/www.tekniagroup.com\/es\/wp-json\/wp\/v2\/users\/1"}],"replies":[{"embeddable":true,"href":"https:\/\/www.tekniagroup.com\/es\/wp-json\/wp\/v2\/comments?post=2272"}],"version-history":[{"count":3,"href":"https:\/\/www.tekniagroup.com\/es\/wp-json\/wp\/v2\/posts\/2272\/revisions"}],"predecessor-version":[{"id":11745,"href":"https:\/\/www.tekniagroup.com\/es\/wp-json\/wp\/v2\/posts\/2272\/revisions\/11745"}],"wp:featuredmedia":[{"embeddable":true,"href":"https:\/\/www.tekniagroup.com\/es\/wp-json\/wp\/v2\/media\/2553"}],"wp:attachment":[{"href":"https:\/\/www.tekniagroup.com\/es\/wp-json\/wp\/v2\/media?parent=2272"}],"wp:term":[{"taxonomy":"category","embeddable":true,"href":"https:\/\/www.tekniagroup.com\/es\/wp-json\/wp\/v2\/categories?post=2272"},{"taxonomy":"post_tag","embeddable":true,"href":"https:\/\/www.tekniagroup.com\/es\/wp-json\/wp\/v2\/tags?post=2272"}],"curies":[{"name":"wp","href":"https:\/\/api.w.org\/{rel}","templated":true}]}}