{"id":12480,"date":"2025-06-27T11:30:15","date_gmt":"2025-06-27T09:30:15","guid":{"rendered":"https:\/\/www.tekniagroup.com\/?p=12480"},"modified":"2025-06-28T13:27:03","modified_gmt":"2025-06-28T11:27:03","slug":"el-ministro-de-industria-visita-teknia","status":"publish","type":"post","link":"https:\/\/www.tekniagroup.com\/es\/el-ministro-de-industria-visita-teknia\/","title":{"rendered":"El ministro de Industria y Turismo visita el nuevo proyecto de electrificaci\u00f3n de Teknia en Cantabria"},"content":{"rendered":"<ul>\n<li>La planta de Teknia en Ampuero desarrolla uno de los proyectos m\u00e1s relevantes para el Grupo, con una inversi\u00f3n r\u00e9cord de 6 millones de euros<\/li>\n<li>Se trata de una carcasa para un inversor de corriente destinado a varios modelos el\u00e9ctricos de un importante Grupo europeo<\/li>\n<li>Este nuevo proyecto ha contado con el apoyo del Ministerio de Industria y Turismo a trav\u00e9s del PERTE VEC III<\/li>\n<\/ul>\n<p><strong>Ampuero, 27 de junio de 2025 \u2013<\/strong> Teknia, la multinacional espa\u00f1ola especializada en la fabricaci\u00f3n de componentes met\u00e1licos y pl\u00e1sticos para la movilidad, recibi\u00f3 la visita del ministro de Industria y Turismo, Jordi Hereu, en sus instalaciones productivas de Ampuero (Cantabria). El ministro conoci\u00f3 de primera mano las nuevas instalaciones productivas donde el Grupo fabrica una carcasa (<em>housing<\/em>) para un inversor de corriente, una pieza clave en la electrificaci\u00f3n de los veh\u00edculos.<\/p>\n<p>El componente est\u00e1 fabricado en la tecnolog\u00eda de inyecci\u00f3n de aluminio a alta presi\u00f3n (HPDC, por sus siglas en ingl\u00e9s), que en el veh\u00edculo el\u00e9ctrico cobra una gran importancia ante la necesidad de aligeramiento de peso del mismo. Este nuevo proyecto sit\u00faa a la planta c\u00e1ntabra de la multinacional espa\u00f1ola como un referente en fabricaci\u00f3n de componentes de Veh\u00edculo El\u00e9ctrico.<\/p>\n<p>Este proyecto innovador representa tambi\u00e9n la mayor captaci\u00f3n de negocio en la historia de Teknia. Adem\u00e1s, ha supuesto una inversi\u00f3n total superior a los 6 millones de euros, la mayor llevada a cabo hasta la fecha por la compa\u00f1\u00eda para un mismo proyecto. Destinada a ampliar las capacidades industriales de la planta, va a suponer un aumento del 30% de la cifra de negocio de la planta. El proyecto cuenta adem\u00e1s con el impulso institucional del Ministerio de Industria, que ha recibido una asignaci\u00f3n por parte del PERTE VEC III de 1,6 millones de euros, entre pr\u00e9stamo y subvenci\u00f3n.<\/p>\n<p>El proyecto se desarrolla en la f\u00e1brica de Teknia en la localidad c\u00e1ntabra de Ampuero gracias al s\u00f3lido conocimiento t\u00e9cnico de esta tecnolog\u00eda en la planta, especializada en procesos <u>de<\/u> inyecci\u00f3n de aluminio de alta presi\u00f3n. As\u00ed, es el conocimiento de la planta en esta tecnolog\u00eda clave lo que ha permitido a la f\u00e1brica asumir esta importante captaci\u00f3n para el desarrollo de componentes para el veh\u00edculo el\u00e9ctrico y seguir posicion\u00e1ndose como un referente en la fabricaci\u00f3n de productos de electrificaci\u00f3n dentro del Grupo.<\/p>\n<p>Teknia cuenta con dos plantas de producci\u00f3n en Ampuero, una especializada en la tecnolog\u00eda de inyecci\u00f3n de aluminio y otra especializada en mecanizado de barra. Las dos plantas industriales del Grupo en Cantabria emplean a 300 personas en la actualidad y facturaron 41 millones de euros en 2024, lo que las sit\u00faa como referentes en la generaci\u00f3n de empleo local y dinamizaci\u00f3n econ\u00f3mica del entorno.<\/p>\n<p>Para <strong>el ministro de Industria y Turismo, Jordi Hereu,<\/strong> este proyecto \u201ces un claro ejemplo de c\u00f3mo una empresa apuesta decididamente por la innovaci\u00f3n y el liderazgo en la transici\u00f3n hacia una movilidad m\u00e1s sostenible, conectada y eficiente\u201d. En opini\u00f3n del ministro, \u201cvivimos un momento crucial en el que la electrificaci\u00f3n se ha convertido en el eje central de esta transformaci\u00f3n y Espa\u00f1a est\u00e1 llamada a ser un referente en este \u00e1mbito de la mano de empresas como Teknia\u201d.<\/p>\n<p>Por su parte,<strong> Javier Quesada de Luis, CEO de Teknia<\/strong>, destac\u00f3 que \u201cla colaboraci\u00f3n p\u00fablico-privada es clave para seguir apostando por la innovaci\u00f3n industrial en Espa\u00f1a, m\u00e1s si cabe en la industria de automoci\u00f3n, que est\u00e1 experimentando una transformaci\u00f3n muy acelerada durante los \u00faltimos a\u00f1os. Proyectos como este nos permiten generar oportunidades que tienen impacto directo en el territorio. Es el caso de esta importante inversi\u00f3n en Ampuero que sit\u00faa a la localidad c\u00e1ntabra como referente en la fabricaci\u00f3n de componentes para la nueva movilidad en Espa\u00f1a y en Europa\u201d.<\/p>\n","protected":false},"excerpt":{"rendered":"La planta de Teknia en Ampuero desarrolla uno de los proyectos m\u00e1s relevantes para el Grupo, con una inversi\u00f3n r\u00e9cord de 6 millones de euros Se trata de una carcasa para un inversor de corriente destinado a varios modelos el\u00e9ctricos de un importante Grupo europeo Este nuevo proyecto ha contado con el apoyo del Ministerio&#8230;","protected":false},"author":7,"featured_media":12481,"comment_status":"closed","ping_status":"closed","sticky":false,"template":"","format":"standard","meta":{"_acf_changed":false,"om_disable_all_campaigns":false,"inline_featured_image":false,"footnotes":""},"categories":[22],"tags":[],"class_list":["post-12480","post","type-post","status-publish","format-standard","has-post-thumbnail","hentry","category-noticias"],"acf":[],"yoast_head":"<!-- This site is optimized with the Yoast SEO plugin v27.3 - https:\/\/yoast.com\/product\/yoast-seo-wordpress\/ -->\n<title>El ministro de Industria visita Teknia Ampuero - Teknia<\/title>\n<meta name=\"description\" content=\"Teknia recibi\u00f3 la visita del ministro de Industria y Turismo, Jordi Hereu, en sus instalaciones productivas de Ampuero (Cantabria)\" \/>\n<meta name=\"robots\" content=\"index, follow, max-snippet:-1, max-image-preview:large, max-video-preview:-1\" \/>\n<link rel=\"canonical\" href=\"https:\/\/www.tekniagroup.com\/es\/el-ministro-de-industria-visita-teknia\/\" \/>\n<meta property=\"og:locale\" content=\"es_ES\" \/>\n<meta property=\"og:type\" content=\"article\" \/>\n<meta property=\"og:title\" content=\"El ministro de Industria visita Teknia Ampuero - Teknia\" \/>\n<meta property=\"og:description\" content=\"Teknia recibi\u00f3 la visita del ministro de Industria y Turismo, Jordi Hereu, en sus instalaciones productivas de Ampuero (Cantabria)\" \/>\n<meta property=\"og:url\" content=\"https:\/\/www.tekniagroup.com\/es\/el-ministro-de-industria-visita-teknia\/\" \/>\n<meta property=\"og:site_name\" content=\"Teknia\" \/>\n<meta property=\"article:published_time\" content=\"2025-06-27T09:30:15+00:00\" \/>\n<meta property=\"article:modified_time\" content=\"2025-06-28T11:27:03+00:00\" \/>\n<meta property=\"og:image\" content=\"https:\/\/www.tekniagroup.com\/wp-content\/uploads\/2025\/05\/visita-instalaciones-teknia-1-scaled.jpeg\" \/>\n\t<meta property=\"og:image:width\" content=\"2560\" \/>\n\t<meta property=\"og:image:height\" content=\"1920\" \/>\n\t<meta property=\"og:image:type\" content=\"image\/jpeg\" \/>\n<meta name=\"author\" content=\"Gonzalo Prieto\" \/>\n<meta name=\"twitter:card\" content=\"summary_large_image\" \/>\n<meta name=\"twitter:label1\" content=\"Escrito por\" \/>\n\t<meta name=\"twitter:data1\" content=\"Gonzalo Prieto\" \/>\n\t<meta name=\"twitter:label2\" content=\"Tiempo de lectura\" \/>\n\t<meta name=\"twitter:data2\" content=\"3 minutos\" \/>\n<script type=\"application\/ld+json\" class=\"yoast-schema-graph\">{\"@context\":\"https:\\\/\\\/schema.org\",\"@graph\":[{\"@type\":\"Article\",\"@id\":\"https:\\\/\\\/www.tekniagroup.com\\\/es\\\/el-ministro-de-industria-visita-teknia\\\/#article\",\"isPartOf\":{\"@id\":\"https:\\\/\\\/www.tekniagroup.com\\\/es\\\/el-ministro-de-industria-visita-teknia\\\/\"},\"author\":{\"name\":\"Gonzalo Prieto\",\"@id\":\"https:\\\/\\\/www.tekniagroup.com\\\/es\\\/#\\\/schema\\\/person\\\/cd5d2e18685b4391aa36a02df73e96f3\"},\"headline\":\"El ministro de Industria y Turismo visita el nuevo proyecto de electrificaci\u00f3n de Teknia en Cantabria\",\"datePublished\":\"2025-06-27T09:30:15+00:00\",\"dateModified\":\"2025-06-28T11:27:03+00:00\",\"mainEntityOfPage\":{\"@id\":\"https:\\\/\\\/www.tekniagroup.com\\\/es\\\/el-ministro-de-industria-visita-teknia\\\/\"},\"wordCount\":695,\"image\":{\"@id\":\"https:\\\/\\\/www.tekniagroup.com\\\/es\\\/el-ministro-de-industria-visita-teknia\\\/#primaryimage\"},\"thumbnailUrl\":\"https:\\\/\\\/www.tekniagroup.com\\\/wp-content\\\/uploads\\\/2025\\\/05\\\/visita-instalaciones-teknia-1-scaled.jpeg\",\"articleSection\":[\"Noticias\"],\"inLanguage\":\"es\"},{\"@type\":\"WebPage\",\"@id\":\"https:\\\/\\\/www.tekniagroup.com\\\/es\\\/el-ministro-de-industria-visita-teknia\\\/\",\"url\":\"https:\\\/\\\/www.tekniagroup.com\\\/es\\\/el-ministro-de-industria-visita-teknia\\\/\",\"name\":\"El ministro de Industria visita Teknia Ampuero - Teknia\",\"isPartOf\":{\"@id\":\"https:\\\/\\\/www.tekniagroup.com\\\/es\\\/#website\"},\"primaryImageOfPage\":{\"@id\":\"https:\\\/\\\/www.tekniagroup.com\\\/es\\\/el-ministro-de-industria-visita-teknia\\\/#primaryimage\"},\"image\":{\"@id\":\"https:\\\/\\\/www.tekniagroup.com\\\/es\\\/el-ministro-de-industria-visita-teknia\\\/#primaryimage\"},\"thumbnailUrl\":\"https:\\\/\\\/www.tekniagroup.com\\\/wp-content\\\/uploads\\\/2025\\\/05\\\/visita-instalaciones-teknia-1-scaled.jpeg\",\"datePublished\":\"2025-06-27T09:30:15+00:00\",\"dateModified\":\"2025-06-28T11:27:03+00:00\",\"author\":{\"@id\":\"https:\\\/\\\/www.tekniagroup.com\\\/es\\\/#\\\/schema\\\/person\\\/cd5d2e18685b4391aa36a02df73e96f3\"},\"description\":\"Teknia recibi\u00f3 la visita del ministro de Industria y Turismo, Jordi Hereu, en sus instalaciones productivas de Ampuero (Cantabria)\",\"breadcrumb\":{\"@id\":\"https:\\\/\\\/www.tekniagroup.com\\\/es\\\/el-ministro-de-industria-visita-teknia\\\/#breadcrumb\"},\"inLanguage\":\"es\",\"potentialAction\":[{\"@type\":\"ReadAction\",\"target\":[\"https:\\\/\\\/www.tekniagroup.com\\\/es\\\/el-ministro-de-industria-visita-teknia\\\/\"]}]},{\"@type\":\"ImageObject\",\"inLanguage\":\"es\",\"@id\":\"https:\\\/\\\/www.tekniagroup.com\\\/es\\\/el-ministro-de-industria-visita-teknia\\\/#primaryimage\",\"url\":\"https:\\\/\\\/www.tekniagroup.com\\\/wp-content\\\/uploads\\\/2025\\\/05\\\/visita-instalaciones-teknia-1-scaled.jpeg\",\"contentUrl\":\"https:\\\/\\\/www.tekniagroup.com\\\/wp-content\\\/uploads\\\/2025\\\/05\\\/visita-instalaciones-teknia-1-scaled.jpeg\",\"width\":2560,\"height\":1920},{\"@type\":\"BreadcrumbList\",\"@id\":\"https:\\\/\\\/www.tekniagroup.com\\\/es\\\/el-ministro-de-industria-visita-teknia\\\/#breadcrumb\",\"itemListElement\":[{\"@type\":\"ListItem\",\"position\":1,\"name\":\"Home\",\"item\":\"https:\\\/\\\/www.tekniagroup.com\\\/es\\\/\"},{\"@type\":\"ListItem\",\"position\":2,\"name\":\"El ministro de Industria y Turismo visita el nuevo proyecto de electrificaci\u00f3n de Teknia en Cantabria\"}]},{\"@type\":\"WebSite\",\"@id\":\"https:\\\/\\\/www.tekniagroup.com\\\/es\\\/#website\",\"url\":\"https:\\\/\\\/www.tekniagroup.com\\\/es\\\/\",\"name\":\"Teknia\",\"description\":\"Your manufacturing partner for mobility\",\"potentialAction\":[{\"@type\":\"SearchAction\",\"target\":{\"@type\":\"EntryPoint\",\"urlTemplate\":\"https:\\\/\\\/www.tekniagroup.com\\\/es\\\/?s={search_term_string}\"},\"query-input\":{\"@type\":\"PropertyValueSpecification\",\"valueRequired\":true,\"valueName\":\"search_term_string\"}}],\"inLanguage\":\"es\"},{\"@type\":\"Person\",\"@id\":\"https:\\\/\\\/www.tekniagroup.com\\\/es\\\/#\\\/schema\\\/person\\\/cd5d2e18685b4391aa36a02df73e96f3\",\"name\":\"Gonzalo Prieto\",\"image\":{\"@type\":\"ImageObject\",\"inLanguage\":\"es\",\"@id\":\"https:\\\/\\\/secure.gravatar.com\\\/avatar\\\/280f2abef1b334d848c14fc51ac0689b7dcd2a291062aeb350226b888980c4c5?s=96&d=mm&r=g\",\"url\":\"https:\\\/\\\/secure.gravatar.com\\\/avatar\\\/280f2abef1b334d848c14fc51ac0689b7dcd2a291062aeb350226b888980c4c5?s=96&d=mm&r=g\",\"contentUrl\":\"https:\\\/\\\/secure.gravatar.com\\\/avatar\\\/280f2abef1b334d848c14fc51ac0689b7dcd2a291062aeb350226b888980c4c5?s=96&d=mm&r=g\",\"caption\":\"Gonzalo Prieto\"},\"url\":\"https:\\\/\\\/www.tekniagroup.com\\\/es\\\/author\\\/gonzalo\\\/\"}]}<\/script>\n<!-- \/ Yoast SEO plugin. -->","yoast_head_json":{"title":"El ministro de Industria visita Teknia Ampuero - Teknia","description":"Teknia recibi\u00f3 la visita del ministro de Industria y Turismo, Jordi Hereu, en sus instalaciones productivas de Ampuero (Cantabria)","robots":{"index":"index","follow":"follow","max-snippet":"max-snippet:-1","max-image-preview":"max-image-preview:large","max-video-preview":"max-video-preview:-1"},"canonical":"https:\/\/www.tekniagroup.com\/es\/el-ministro-de-industria-visita-teknia\/","og_locale":"es_ES","og_type":"article","og_title":"El ministro de Industria visita Teknia Ampuero - Teknia","og_description":"Teknia recibi\u00f3 la visita del ministro de Industria y Turismo, Jordi Hereu, en sus instalaciones productivas de Ampuero (Cantabria)","og_url":"https:\/\/www.tekniagroup.com\/es\/el-ministro-de-industria-visita-teknia\/","og_site_name":"Teknia","article_published_time":"2025-06-27T09:30:15+00:00","article_modified_time":"2025-06-28T11:27:03+00:00","og_image":[{"width":2560,"height":1920,"url":"https:\/\/www.tekniagroup.com\/wp-content\/uploads\/2025\/05\/visita-instalaciones-teknia-1-scaled.jpeg","type":"image\/jpeg"}],"author":"Gonzalo Prieto","twitter_card":"summary_large_image","twitter_misc":{"Escrito por":"Gonzalo Prieto","Tiempo de lectura":"3 minutos"},"schema":{"@context":"https:\/\/schema.org","@graph":[{"@type":"Article","@id":"https:\/\/www.tekniagroup.com\/es\/el-ministro-de-industria-visita-teknia\/#article","isPartOf":{"@id":"https:\/\/www.tekniagroup.com\/es\/el-ministro-de-industria-visita-teknia\/"},"author":{"name":"Gonzalo Prieto","@id":"https:\/\/www.tekniagroup.com\/es\/#\/schema\/person\/cd5d2e18685b4391aa36a02df73e96f3"},"headline":"El ministro de Industria y Turismo visita el nuevo proyecto de electrificaci\u00f3n de Teknia en Cantabria","datePublished":"2025-06-27T09:30:15+00:00","dateModified":"2025-06-28T11:27:03+00:00","mainEntityOfPage":{"@id":"https:\/\/www.tekniagroup.com\/es\/el-ministro-de-industria-visita-teknia\/"},"wordCount":695,"image":{"@id":"https:\/\/www.tekniagroup.com\/es\/el-ministro-de-industria-visita-teknia\/#primaryimage"},"thumbnailUrl":"https:\/\/www.tekniagroup.com\/wp-content\/uploads\/2025\/05\/visita-instalaciones-teknia-1-scaled.jpeg","articleSection":["Noticias"],"inLanguage":"es"},{"@type":"WebPage","@id":"https:\/\/www.tekniagroup.com\/es\/el-ministro-de-industria-visita-teknia\/","url":"https:\/\/www.tekniagroup.com\/es\/el-ministro-de-industria-visita-teknia\/","name":"El ministro de Industria visita Teknia Ampuero - Teknia","isPartOf":{"@id":"https:\/\/www.tekniagroup.com\/es\/#website"},"primaryImageOfPage":{"@id":"https:\/\/www.tekniagroup.com\/es\/el-ministro-de-industria-visita-teknia\/#primaryimage"},"image":{"@id":"https:\/\/www.tekniagroup.com\/es\/el-ministro-de-industria-visita-teknia\/#primaryimage"},"thumbnailUrl":"https:\/\/www.tekniagroup.com\/wp-content\/uploads\/2025\/05\/visita-instalaciones-teknia-1-scaled.jpeg","datePublished":"2025-06-27T09:30:15+00:00","dateModified":"2025-06-28T11:27:03+00:00","author":{"@id":"https:\/\/www.tekniagroup.com\/es\/#\/schema\/person\/cd5d2e18685b4391aa36a02df73e96f3"},"description":"Teknia recibi\u00f3 la visita del ministro de Industria y Turismo, Jordi Hereu, en sus instalaciones productivas de Ampuero (Cantabria)","breadcrumb":{"@id":"https:\/\/www.tekniagroup.com\/es\/el-ministro-de-industria-visita-teknia\/#breadcrumb"},"inLanguage":"es","potentialAction":[{"@type":"ReadAction","target":["https:\/\/www.tekniagroup.com\/es\/el-ministro-de-industria-visita-teknia\/"]}]},{"@type":"ImageObject","inLanguage":"es","@id":"https:\/\/www.tekniagroup.com\/es\/el-ministro-de-industria-visita-teknia\/#primaryimage","url":"https:\/\/www.tekniagroup.com\/wp-content\/uploads\/2025\/05\/visita-instalaciones-teknia-1-scaled.jpeg","contentUrl":"https:\/\/www.tekniagroup.com\/wp-content\/uploads\/2025\/05\/visita-instalaciones-teknia-1-scaled.jpeg","width":2560,"height":1920},{"@type":"BreadcrumbList","@id":"https:\/\/www.tekniagroup.com\/es\/el-ministro-de-industria-visita-teknia\/#breadcrumb","itemListElement":[{"@type":"ListItem","position":1,"name":"Home","item":"https:\/\/www.tekniagroup.com\/es\/"},{"@type":"ListItem","position":2,"name":"El ministro de Industria y Turismo visita el nuevo proyecto de electrificaci\u00f3n de Teknia en Cantabria"}]},{"@type":"WebSite","@id":"https:\/\/www.tekniagroup.com\/es\/#website","url":"https:\/\/www.tekniagroup.com\/es\/","name":"Teknia","description":"Your manufacturing partner for mobility","potentialAction":[{"@type":"SearchAction","target":{"@type":"EntryPoint","urlTemplate":"https:\/\/www.tekniagroup.com\/es\/?s={search_term_string}"},"query-input":{"@type":"PropertyValueSpecification","valueRequired":true,"valueName":"search_term_string"}}],"inLanguage":"es"},{"@type":"Person","@id":"https:\/\/www.tekniagroup.com\/es\/#\/schema\/person\/cd5d2e18685b4391aa36a02df73e96f3","name":"Gonzalo Prieto","image":{"@type":"ImageObject","inLanguage":"es","@id":"https:\/\/secure.gravatar.com\/avatar\/280f2abef1b334d848c14fc51ac0689b7dcd2a291062aeb350226b888980c4c5?s=96&d=mm&r=g","url":"https:\/\/secure.gravatar.com\/avatar\/280f2abef1b334d848c14fc51ac0689b7dcd2a291062aeb350226b888980c4c5?s=96&d=mm&r=g","contentUrl":"https:\/\/secure.gravatar.com\/avatar\/280f2abef1b334d848c14fc51ac0689b7dcd2a291062aeb350226b888980c4c5?s=96&d=mm&r=g","caption":"Gonzalo Prieto"},"url":"https:\/\/www.tekniagroup.com\/es\/author\/gonzalo\/"}]}},"_links":{"self":[{"href":"https:\/\/www.tekniagroup.com\/es\/wp-json\/wp\/v2\/posts\/12480","targetHints":{"allow":["GET"]}}],"collection":[{"href":"https:\/\/www.tekniagroup.com\/es\/wp-json\/wp\/v2\/posts"}],"about":[{"href":"https:\/\/www.tekniagroup.com\/es\/wp-json\/wp\/v2\/types\/post"}],"author":[{"embeddable":true,"href":"https:\/\/www.tekniagroup.com\/es\/wp-json\/wp\/v2\/users\/7"}],"replies":[{"embeddable":true,"href":"https:\/\/www.tekniagroup.com\/es\/wp-json\/wp\/v2\/comments?post=12480"}],"version-history":[{"count":1,"href":"https:\/\/www.tekniagroup.com\/es\/wp-json\/wp\/v2\/posts\/12480\/revisions"}],"predecessor-version":[{"id":12483,"href":"https:\/\/www.tekniagroup.com\/es\/wp-json\/wp\/v2\/posts\/12480\/revisions\/12483"}],"wp:featuredmedia":[{"embeddable":true,"href":"https:\/\/www.tekniagroup.com\/es\/wp-json\/wp\/v2\/media\/12481"}],"wp:attachment":[{"href":"https:\/\/www.tekniagroup.com\/es\/wp-json\/wp\/v2\/media?parent=12480"}],"wp:term":[{"taxonomy":"category","embeddable":true,"href":"https:\/\/www.tekniagroup.com\/es\/wp-json\/wp\/v2\/categories?post=12480"},{"taxonomy":"post_tag","embeddable":true,"href":"https:\/\/www.tekniagroup.com\/es\/wp-json\/wp\/v2\/tags?post=12480"}],"curies":[{"name":"wp","href":"https:\/\/api.w.org\/{rel}","templated":true}]}}